{"id":12480,"date":"2020-06-04T00:00:28","date_gmt":"2020-06-03T22:00:28","guid":{"rendered":"http:\/\/chronik.blackblogs.org\/?p=12480"},"modified":"2020-06-04T00:00:28","modified_gmt":"2020-06-03T22:00:28","slug":"12480","status":"publish","type":"post","link":"https:\/\/chronik.noblogs.org\/?p=12480","title":{"rendered":"Farbanschlag auf Polizeiwache"},"content":{"rendered":"<p><strong><a href=\"https:\/\/chronik.blackblogs.org\/wp-content\/uploads\/sites\/109\/2020\/06\/51650.jpeg\"><img loading=\"lazy\" decoding=\"async\" class=\"alignright size-medium wp-image-12481\" src=\"https:\/\/chronik.blackblogs.org\/wp-content\/uploads\/sites\/109\/2020\/06\/51650-300x225.jpeg\" alt=\"\" width=\"300\" height=\"225\"><\/a>Flensburg<\/strong>, 4. Juni 2020<\/p>\n<blockquote><p>Cops kill &#8211; Abolish Police<br \/>\nIn der Nacht von Mittwoch auf Donnerstag haben wir die Bullenwache in Flensburg mit Farbe eingedeckt.<\/p>\n<p>Wir taten dies aus Wut auf (rassistische) Bullengewalt und institutionellen Rassismus in den USA und \u00dcberall. Als ein Zeichen der Solidarit\u00e4t mit den Aufst\u00e4ndigen in den USA. In Gedenken an George Floyd und alle anderen Menschen die Opfer von rassitischer Bullengewalt wurden.<\/p>\n<p>Rassismus t\u00f6tet. \u00dcberall.<\/p><\/blockquote>\n<p><strong>Quelle<\/strong>: <a href=\"http:\/\/4sy6ebszykvcv2n6.onion\/node\/86332\">Indymedia<\/a> (Tor)<\/p>\n","protected":false},"excerpt":{"rendered":"<p>Flensburg, 4. Juni 2020 Cops kill &#8211; Abolish Police In der Nacht von Mittwoch auf Donnerstag haben wir die Bullenwache in Flensburg mit Farbe eingedeckt. Wir taten dies aus Wut auf (rassistische) Bullengewalt und institutionellen Rassismus in den USA und \u00dcberall. Als ein Zeichen der Solidarit\u00e4t mit den Aufst\u00e4ndigen in den USA. In Gedenken an [&hellip;]<\/p>\n","protected":false},"author":12080,"featured_media":0,"comment_status":"closed","ping_status":"closed","sticky":false,"template":"","format":"standard","meta":{"footnotes":""},"categories":[2],"tags":[65],"class_list":["post-12480","post","type-post","status-publish","format-standard","hentry","category-de","tag-flensburg"],"_links":{"self":[{"href":"https:\/\/chronik.noblogs.org\/index.php?rest_route=\/wp\/v2\/posts\/12480","targetHints":{"allow":["GET"]}}],"collection":[{"href":"https:\/\/chronik.noblogs.org\/index.php?rest_route=\/wp\/v2\/posts"}],"about":[{"href":"https:\/\/chronik.noblogs.org\/index.php?rest_route=\/wp\/v2\/types\/post"}],"author":[{"embeddable":true,"href":"https:\/\/chronik.noblogs.org\/index.php?rest_route=\/wp\/v2\/users\/12080"}],"replies":[{"embeddable":true,"href":"https:\/\/chronik.noblogs.org\/index.php?rest_route=%2Fwp%2Fv2%2Fcomments&post=12480"}],"version-history":[{"count":0,"href":"https:\/\/chronik.noblogs.org\/index.php?rest_route=\/wp\/v2\/posts\/12480\/revisions"}],"wp:attachment":[{"href":"https:\/\/chronik.noblogs.org\/index.php?rest_route=%2Fwp%2Fv2%2Fmedia&parent=12480"}],"wp:term":[{"taxonomy":"category","embeddable":true,"href":"https:\/\/chronik.noblogs.org\/index.php?rest_route=%2Fwp%2Fv2%2Fcategories&post=12480"},{"taxonomy":"post_tag","embeddable":true,"href":"https:\/\/chronik.noblogs.org\/index.php?rest_route=%2Fwp%2Fv2%2Ftags&post=12480"}],"curies":[{"name":"wp","href":"https:\/\/api.w.org\/{rel}","templated":true}]}}