{"id":12470,"date":"2020-05-20T00:00:15","date_gmt":"2020-05-19T22:00:15","guid":{"rendered":"http:\/\/chronik.blackblogs.org\/?p=12470"},"modified":"2020-05-20T00:00:15","modified_gmt":"2020-05-19T22:00:15","slug":"steine-und-farbflaschen-gegen-wohnung-eines-afd-politikers","status":"publish","type":"post","link":"https:\/\/chronik.noblogs.org\/?p=12470","title":{"rendered":"Steine und Farbflaschen gegen Wohnung eines AfD-Politikers"},"content":{"rendered":"<p><strong><a href=\"https:\/\/chronik.blackblogs.org\/wp-content\/uploads\/sites\/109\/2020\/06\/51236.png\"><img loading=\"lazy\" decoding=\"async\" class=\"alignright size-medium wp-image-12474\" src=\"https:\/\/chronik.blackblogs.org\/wp-content\/uploads\/sites\/109\/2020\/06\/51236-300x214.png\" alt=\"\" width=\"300\" height=\"214\"><\/a>Hamburg<\/strong>, 20. Mai 2020<\/p>\n<blockquote><p>Am Morgen des 20.05.20 haben wir die Wohnung des AfD-Politikers Benjamin Mennerich in HH-Billstedt mit Steinen und Farbflaschen angegriffen. An der Fassade haben wir seinen Wohnort f\u00fcr die Nachbar*innen sichtbar gemacht.<\/p>\n<p>Der rassistische AfD-Politiker Benjamin Mennerich (*09.03.1981) wohnt in der M\u00f6llner Landstra\u00dfe 121c, EG. Nach seinem Abitur im Jahr 2000 trat Mennerich in die Bundeswehr ein und stieg bis in den Offiziersrang auf. 2017 beendete er den Dienst f\u00fcr&#8217;s Vaterland und wird seitdem als Offizier der Reserve gef\u00fchrt.<!--more--> W\u00e4hrend seiner Laufbahn als deutscher Soldat schloss sich Mennerich der AfD an. Er ist ein weiteres Beispiel f\u00fcr die ideologischen und personellen Schnittmengen zwischen rechten Kreisen und den deutschen Sicherheitsbeh\u00f6rden. Im Mai 2019 wurde Mennerich als einer von vier AfD\u2019lern in die Bezirksversammlung Hamburg-Mitte gew\u00e4hlt. Der Bezirksverband Mitte ist dem innerparteilichen v\u00f6lkischen \u201eFl\u00fcgel\u201c zuzuordnen, der sich im M\u00e4rz 2020 formell aufgel\u00f6st hat. Bei der B\u00fcrgerschaftswahl Ende Februar 2020 stand Mennerich auf Listenplatz 13 der AfD-Landesliste und verpasste den Einzug in den Senat.<\/p>\n<p>Auch auf der Stra\u00dfe versucht der ehemalige Bundeswehrsoldat seinen menschenverachtenden Einstellungen Ausdruck zu verleihen. In Hamburg beteiligte er sich 2018 an mindestens drei Aufl\u00e4ufen der rassistischen \u201eMerkel-muss-weg\u201c Kundgebungen, die von dem Neonazi Thorsten Gardlo organisiert wurden (Bild 2, Mitte, hellblaues Hemd). Dort versammelten sich regelm\u00e4\u00dfig rechte Hooligans, NPD-Kader, Holocaustleugner*innen und AfD-Politiker*innen, um gegen Gefl\u00fcchtete und Migrant*innen zu hetzen. Am 1. September 2018 nahm Benjamin Mennerich in Chemnitz an dem von einem faschistischen B\u00fcndnis aus AfD, Pegida und \u201cPro Chemnitz\u201d organisierten \u201eSchweigemarsch\u201c teil (Bild 3, vorne rechts, im Sakko). Mit tausenden Rechten marschierte Mennerich als rassistischer Mob durch die Stra\u00dfen der s\u00e4chsischen Stadt. Die Teilnehmer*innen skandierten Nazi-Parolen und zeigten wiederholt den Hitlergru\u00df. Aus der Demo heraus kam es immer wieder zu k\u00f6rperlichen Angriffen und Hetzjagden auf Menschen, die als \u201enicht-deutsch\u201c wahrgenommen wurden.<\/p>\n<p>Nach au\u00dfen verpasst sich Benjamin Mennerich gerne einen b\u00fcrgerlichen Anstrich mit Anzug und Krawatte. Dahinter verbirgt sich ein \u00fcberzeugter Nationalist und Rassist mit milit\u00e4rischer Ausbildung. Seine politische Botschaft verpackt er in harmlos klingende Worth\u00fclsen. Auf der Homepage der AfD-Bezirksfraktion HH-Mitte zeigt er sich \u201cschockiert\u201d \u00fcber die verfallende \u201cWertsch\u00e4tzung der Familie\u201d sowie die Alterstruktur der deutschen Bev\u00f6lkerung und meint damit nichts anderes als die verschw\u00f6rungstheoretische Vorstellung vom &#8220;Gro\u00dfen Austausch\u201c. Dieses herbeifantasierte Bedrohungsszenario bildet eine ideologische Klammer innerhalb der rechten Szene und treibt den biederen Anzugtr\u00e4ger zusammen mit gewaltt\u00e4tigen Neonazis auf die Stra\u00dfe. Daraus resultiert eine t\u00f6dliche Gefahr f\u00fcr Menschen, die in der rassistisch-ausgrenzenden Perspektive eines Benjamin Mennerich, als Nicht-Deutsche kategorisiert werden.<\/p>\n<p>Es ist unbedeutend, welche internen Grabenk\u00e4mpfe aktuell in der AfD ausgefochten werden, an der faschistischen Grundausrichtung der Partei \u00e4ndert sich dadurch nichts. So lange die Partei existiert und ihre menschenverachtende Hetze verbreitet, werden wir ihre Vertreter*innen und deren R\u00fcckzugsr\u00e4ume angreifen!<\/p>\n<p>Keine ruhige Nacht f\u00fcr die AfD!<br \/>\nMake racists afraid again!<\/p><\/blockquote>\n<p><strong>Quelle<\/strong>: <a href=\"http:\/\/4sy6ebszykvcv2n6.onion\/node\/83418\">Indymedia<\/a> (Tor)<\/p>\n","protected":false},"excerpt":{"rendered":"<p>Hamburg, 20. Mai 2020 Am Morgen des 20.05.20 haben wir die Wohnung des AfD-Politikers Benjamin Mennerich in HH-Billstedt mit Steinen und Farbflaschen angegriffen. An der Fassade haben wir seinen Wohnort f\u00fcr die Nachbar*innen sichtbar gemacht. Der rassistische AfD-Politiker Benjamin Mennerich (*09.03.1981) wohnt in der M\u00f6llner Landstra\u00dfe 121c, EG. Nach seinem Abitur im Jahr 2000 trat [&hellip;]<\/p>\n","protected":false},"author":12080,"featured_media":0,"comment_status":"closed","ping_status":"closed","sticky":false,"template":"","format":"standard","meta":{"footnotes":""},"categories":[2],"tags":[88],"class_list":["post-12470","post","type-post","status-publish","format-standard","hentry","category-de","tag-hamburg"],"_links":{"self":[{"href":"https:\/\/chronik.noblogs.org\/index.php?rest_route=\/wp\/v2\/posts\/12470","targetHints":{"allow":["GET"]}}],"collection":[{"href":"https:\/\/chronik.noblogs.org\/index.php?rest_route=\/wp\/v2\/posts"}],"about":[{"href":"https:\/\/chronik.noblogs.org\/index.php?rest_route=\/wp\/v2\/types\/post"}],"author":[{"embeddable":true,"href":"https:\/\/chronik.noblogs.org\/index.php?rest_route=\/wp\/v2\/users\/12080"}],"replies":[{"embeddable":true,"href":"https:\/\/chronik.noblogs.org\/index.php?rest_route=%2Fwp%2Fv2%2Fcomments&post=12470"}],"version-history":[{"count":0,"href":"https:\/\/chronik.noblogs.org\/index.php?rest_route=\/wp\/v2\/posts\/12470\/revisions"}],"wp:attachment":[{"href":"https:\/\/chronik.noblogs.org\/index.php?rest_route=%2Fwp%2Fv2%2Fmedia&parent=12470"}],"wp:term":[{"taxonomy":"category","embeddable":true,"href":"https:\/\/chronik.noblogs.org\/index.php?rest_route=%2Fwp%2Fv2%2Fcategories&post=12470"},{"taxonomy":"post_tag","embeddable":true,"href":"https:\/\/chronik.noblogs.org\/index.php?rest_route=%2Fwp%2Fv2%2Ftags&post=12470"}],"curies":[{"name":"wp","href":"https:\/\/api.w.org\/{rel}","templated":true}]}}