{"id":12245,"date":"2020-04-14T00:00:31","date_gmt":"2020-04-13T22:00:31","guid":{"rendered":"http:\/\/chronik.blackblogs.org\/?p=12245"},"modified":"2020-04-14T00:00:31","modified_gmt":"2020-04-13T22:00:31","slug":"farbbeutel-gegen-griechisches-konsulat","status":"publish","type":"post","link":"https:\/\/chronik.noblogs.org\/?p=12245","title":{"rendered":"Farbbeutel gegen griechisches Konsulat"},"content":{"rendered":"<p><strong>Stuttgart<\/strong>, 14. April 2020<\/p>\n<blockquote><p>Stay@home? Internationale Solidarit\u00e4t gegen rassistische EU Politik<\/p>\n<p>Die Corona Krise f\u00fchrt zu tiefen Einschnitten bei Freiheitsrechten auf der ganzen Welt. In den Nachrichten kommt eine Corona Meldung nach der anderen. Der Konsens: JedeR soll sich zur\u00fccknehmen und Solidarit\u00e4t durch \u201csocial distancing\u201c zeigen. Es wird vermittelt wir seien alle gleich betroffen.<!--more--><\/p>\n<p>Tats\u00e4chlich ist gesundheitlich jedeR davon gleich betroffen, egal in welchen Verh\u00e4ltnissen man lebt oder wie viel Geld auf dem Konto liegt.<\/p>\n<p>Doch das Risiko der Ansteckung und vor allem die Auswirkungen der Einschr\u00e4nkungen treffen uns nicht gleich.<\/p>\n<p>W\u00e4hrend die einen eine entspannte Zeit zu Hause vor Netflix, der Sport App und dem gelieferten Sushi verbringen k\u00f6nnen, reicht bei vielen das Geld nicht mehr, enge Wohnverh\u00e4ltnisse f\u00fchren zu noch mehr psychischen Belastungen, Gewalt gegen Frauen \u2026<\/p>\n<p>An der EU Au\u00dfengrenze, z.B. in Griechenland werden weiter Gefl\u00fcchtete milit\u00e4risch verjagt und auch mit scharfer Munition beim Grenz\u00fcbertritt gehindert. Hier wird das umgesetzt, was die AfD vor Jahren forderte und wof\u00fcr es damals noch einen medialen Aufschrei gab, n\u00e4mlich auf Menschen zu schie\u00dfen, welche sich auf der Flucht befinden. R\u00fcckendeckung f\u00fcr diese Politik sollen die Anti-Corona Ma\u00dfnahmen sein. Das es aber weiterhin m\u00f6glich ist, dass Menschen einreisen zeigt sich bei den vielen ErntehelferInnen. Wer Profit bringt darf einreisen, wer nicht kann notfalls auch im Elend verkommen.<\/p>\n<p>Diejenigen die es an Land schaffen, werden in v\u00f6llig \u00fcberf\u00fcllten Lagern zusammengepfercht und m\u00fcssen dort Schutz vor aggressiven Faschisten und Rassisten suchen.<\/p>\n<p>Das Corona Virus wird dort noch vor unseren Augen zu einer humanit\u00e4ren Katastrophe f\u00fchren, politisch und milit\u00e4risch von der EU durchgesetzt.<\/p>\n<p>Das \u00f6ffentliche Gerede der PolitikerInnen sind nur leere Phrasen:<\/p>\n<p>Seit Wochen wird nicht geholfen, stattdessen sollen einzelne gefl\u00fcchtete Kinder als humanit\u00e4re Geste aufgenommen werden.<\/p>\n<p>Hilfen gibt es nur f\u00fcr Banken und Konzerne, nicht f\u00fcr Menschen in Not.<\/p>\n<p>Nachdem Griechenland seit etwa 10 Jahren mit Schuldenr\u00fcckzahlungen quasi die eigene Unabh\u00e4ngigkeit gegen\u00fcber der EU \u2013 allen voran Deutschland- verloren hat, wird der abh\u00e4ngige Staat nun vom Imperialismus genutzt um die EU Au\u00dfengrenze \u201ezu sch\u00fctzen\u201c. Es sind nicht nur Einzelf\u00e4lle rassistischer Grenzsch\u00fctzer oder menschenfeindlicher Frontex-Leute \u2013 die rassistische EU Politik wird an der griechischen Grenze zu einer m\u00f6rderischen Realit\u00e4t f\u00fcr Schutzsuchende.<\/p>\n<p>Solidarit\u00e4t hei\u00dft in diesen Tagen f\u00fcr uns auf Risikogruppen zu achten und sie in Schutz zu nehmen, und gleichzeitig Solidarit\u00e4t \u00fcber nationale Konstrukte hinweg praktisch werden zu lassen.<\/p>\n<p>Wenn griechische Bullen und Milit\u00e4rs im Namen der EU auf Gefl\u00fcchtete losgehen, werden wir nicht schweigend zu Hause sitzen. Neben der \u00d6ffentlichkeitsarbeit m\u00fcssen wir auch wo immer m\u00f6glich, und wenn auch symbolisch um die kapitalistischen Machtbl\u00f6cke anzugreifen.<\/p>\n<p>Wir haben vergangene Nacht Farbbeutel auf das griechische Konsulat in der Stuttgarter Innenstadt geworfen \u2013 in Solidarit\u00e4t mit den Gefl\u00fcchteten in Moria und co. und den k\u00e4mpfenden Revolution\u00e4rInnen und AntifaschistInnen in Griechenland!<\/p>\n<p>Der Kapitalismus bringt Elend und Tod auf der ganzen Welt!<\/p>\n<p>Refugees welcome hei\u00dft auch Kampf der rassistischen EU Politik!<\/p><\/blockquote>\n<p><strong>Quelle<\/strong>: <a href=\"http:\/\/4sy6ebszykvcv2n6.onion\/node\/77172\">Indymedia<\/a> (Tor), <a href=\"http:\/\/raxuatgmxdvnp4no.onion\/?node=77172\">Spiegelung<\/a> (Tor)<\/p>\n","protected":false},"excerpt":{"rendered":"<p>Stuttgart, 14. April 2020 Stay@home? Internationale Solidarit\u00e4t gegen rassistische EU Politik Die Corona Krise f\u00fchrt zu tiefen Einschnitten bei Freiheitsrechten auf der ganzen Welt. In den Nachrichten kommt eine Corona Meldung nach der anderen. Der Konsens: JedeR soll sich zur\u00fccknehmen und Solidarit\u00e4t durch \u201csocial distancing\u201c zeigen. Es wird vermittelt wir seien alle gleich betroffen.<\/p>\n","protected":false},"author":12080,"featured_media":0,"comment_status":"closed","ping_status":"closed","sticky":false,"template":"","format":"standard","meta":{"footnotes":""},"categories":[2],"tags":[194],"class_list":["post-12245","post","type-post","status-publish","format-standard","hentry","category-de","tag-stuttgart"],"_links":{"self":[{"href":"https:\/\/chronik.noblogs.org\/index.php?rest_route=\/wp\/v2\/posts\/12245","targetHints":{"allow":["GET"]}}],"collection":[{"href":"https:\/\/chronik.noblogs.org\/index.php?rest_route=\/wp\/v2\/posts"}],"about":[{"href":"https:\/\/chronik.noblogs.org\/index.php?rest_route=\/wp\/v2\/types\/post"}],"author":[{"embeddable":true,"href":"https:\/\/chronik.noblogs.org\/index.php?rest_route=\/wp\/v2\/users\/12080"}],"replies":[{"embeddable":true,"href":"https:\/\/chronik.noblogs.org\/index.php?rest_route=%2Fwp%2Fv2%2Fcomments&post=12245"}],"version-history":[{"count":0,"href":"https:\/\/chronik.noblogs.org\/index.php?rest_route=\/wp\/v2\/posts\/12245\/revisions"}],"wp:attachment":[{"href":"https:\/\/chronik.noblogs.org\/index.php?rest_route=%2Fwp%2Fv2%2Fmedia&parent=12245"}],"wp:term":[{"taxonomy":"category","embeddable":true,"href":"https:\/\/chronik.noblogs.org\/index.php?rest_route=%2Fwp%2Fv2%2Fcategories&post=12245"},{"taxonomy":"post_tag","embeddable":true,"href":"https:\/\/chronik.noblogs.org\/index.php?rest_route=%2Fwp%2Fv2%2Ftags&post=12245"}],"curies":[{"name":"wp","href":"https:\/\/api.w.org\/{rel}","templated":true}]}}