{"id":12212,"date":"2020-04-05T00:00:58","date_gmt":"2020-04-04T22:00:58","guid":{"rendered":"http:\/\/chronik.blackblogs.org\/?p=12212"},"modified":"2020-04-05T00:00:58","modified_gmt":"2020-04-04T22:00:58","slug":"bitumen-gegen-wisag-firmenwagen","status":"publish","type":"post","link":"https:\/\/chronik.noblogs.org\/?p=12212","title":{"rendered":"Bitumen gegen WISAG-Firmenwagen"},"content":{"rendered":"<p><strong>Freiburg<\/strong>, 5. April 2020<\/p>\n<blockquote><p>In Solidarit\u00e4t mit allen gefangenen, obdachlosen und gefl\u00fcchteten Menschen haben wir in der Nacht von Samstag auf Sonntag (4. auf 5.4.2020) eine WISAG Karre in der Offenburgerstra\u00dfe in Freiburg kunstvoll zerlegt, indem wir Bitumen in den L\u00fcftungsschacht gekippt haben.Es lebe die n\u00e4chtliche Intervention! Gegen staatliche Kontrolle, \u00dcberwachungswahn und das absichtliche T\u00f6ten von den \u201eSchatten unserer Gesellschaft\u201c1!<\/p>\n<p>So fand ein Text auf der Seite des ABC S\u00fcdwest deutliche Worte zu den staatlichen Ma\u00dfnahmen aufgrund von Corona, die die unhaltbaren Zust\u00e4nde hinter Gittern immer weiter verschlimmern:<!--more--> \u201eDie Isolation der Gefangenen wurde massiv verst\u00e4rkt, die medizinische Versorgung ist katastrophal und das Thema Knast bleibt in den Medien abwesend wie immer. Es sind die Schatten unserer Gesellschaft. Obdachlose, Gef\u00e4ngnisinsass*innen und gefl\u00fcchtete Menschen, die nun eingesperrt und komplett ignoriert werden. F\u00fcr sie und Andere bringen diese Wochen eine heftige Verschlimmerung ihrer Situation. Mehr noch als sonst, sind sie in dieser Zeit darauf angewiesen, dass wir sie nicht vergessen.\u201c1<\/p>\n<p>Ob wie die Menschen bei den zahlreichen Prisonriots wie in Italien umkommen, die Isolation nicht mehr aushalten oder im Knast an Corona erkranken. Es gibt keinen Selbstmord und keinen nat\u00fcrlichen Tod hinter Gittern. Der Staat hat die direkte Verantwortung f\u00fcr jede*n Eingeknastete*n, der*die in den Gef\u00e4ngnissen in den kommenden Monaten sterben wird.<\/p>\n<p>Alle Gefangenen m\u00fcssen frei kommen. Sofort!<\/p>\n<p>In Gedanken an die Vergessenen des kapitalistischen Systems sind wir zur Tat geschritten und haben mit WISAG eine Firma getroffen, die durch Repression, Vertreibung und Ausbeutung generell und vor allem jetzt &#8211; in Zeiten zunehmender \u00dcberwachung, Kontrolle und Krisenstimmung &#8211; massiv profitiert.<\/p>\n<p>Egal wo man hinschaut, unterst\u00fctzt dieser Konzern die Herrschaft des Staates: ob in der ausbeuterischen Reinigungssparte, als milit\u00e4rischer Objektschutz oder als Sicherheitspersonal in Flugh\u00e4fen, wo sie Abschiebungen und institutionellen Rassismus zu verantworten haben. Au\u00dferdem verdient die private Sicherheitsfirma durch Fahrscheinkontrollen z.B. in Berlin in Zusammenarbeit mit der BVG direkt an der Not von Menschen, die durch \u201ein den meisten F\u00e4llen sozialchauvinistische und gewaltgeile Mackerschweine\u201c2 im Knast landen: \u201eDank dieser \u201eFahrgastbetreuung\u201c werden j\u00e4hrlich mehr als 300 Leute in die Berliner Kn\u00e4ste gesteckt. Die JVA Pl\u00f6tzensee besteht zu einem beachtlichen Teil aus Insassen die wegen \u201eBef\u00f6rderungserschleichung\u201c einsitzen. 2018 nahm sich einer von ihnen das Leben.\u201c2<\/p>\n<p>Doch das ist nicht alles: Auch gegen Freir\u00e4ume und f\u00fcr Verdr\u00e4ngung hat sich WISAG einen Namen gemacht. So war sie sich nicht zu schade Obdachlose in der Rummelsburger Bucht zu Gunsten der Investitionen von Padovicz zu vertreiben: &#8220;Ihre Mitarbeiter verboten beispielsweise den in der Rummelsburger Bucht lebenden wohnungslosen Menschen selbst bei Minusgraden, offenes Feuer zu machen und r\u00e4umten sogar aktiv mit, indem sie die dortigen Freifl\u00e4chen-Bewohner*innen mit der Ank\u00fcndigung von ausgedachten R\u00e4umungsterminen einsch\u00fcchterten und so zum Umzug erpressten.\u201c3<\/p>\n<p>Wir beobachten mit Wut, wie immer mehr Orte zu Corona-Zeiten wie selbstverst\u00e4ndlich zu privaten Sicherheitsfirmen greifen, die Polizei spielen d\u00fcrfen.4 Diese Tendenzen d\u00fcrfen nicht ohne Antwort bleiben!<\/p>\n<p>Bleibt aktiv, ob durch Plakatieren, Sprayen, Feuer oder Bitumen! Lasst uns in dieser Zeit staatlich verordneter Isolation nicht handlungsunf\u00e4hig zur\u00fcckbleiben, sondern weiter in die Offensive treten! Macht kaputt, was euch kaputt macht!<\/p>\n<p>Links<\/p>\n<p>1: https:\/\/abcsuedwest.noblogs.org\/de\/post\/2020\/03\/31\/die-ignorierte-risikogruppe-der-umgang-mit-covid-19-in-deutschen-gefaengnissen\/#more-973<\/p>\n<p>2: https:\/\/chronik.blackblogs.org\/?p=10284<\/p>\n<p>3: https:\/\/chronik.blackblogs.org\/?p=9671<\/p>\n<p>4: https:\/\/www.cilip.de\/institut\/corona-tagebuch\/<\/p>\n<p>Mehr zu Knast: Letzter Bericht von Thomas \u00fcber Corona und das Kontaktverbot \u2013 aus Gefangenensicht auf https:\/\/www.freedom-for-thomas.de\/thomas\/index2.shtml<\/p><\/blockquote>\n<p><strong>Quelle<\/strong>: <a href=\"http:\/\/4sy6ebszykvcv2n6.onion\/node\/75837\">Indymedia<\/a> (Tor), <a href=\"http:\/\/raxuatgmxdvnp4no.onion\/?node=75837\">Spiegelung<\/a> (Tor)<\/p>\n","protected":false},"excerpt":{"rendered":"<p>Freiburg, 5. April 2020 In Solidarit\u00e4t mit allen gefangenen, obdachlosen und gefl\u00fcchteten Menschen haben wir in der Nacht von Samstag auf Sonntag (4. auf 5.4.2020) eine WISAG Karre in der Offenburgerstra\u00dfe in Freiburg kunstvoll zerlegt, indem wir Bitumen in den L\u00fcftungsschacht gekippt haben.Es lebe die n\u00e4chtliche Intervention! Gegen staatliche Kontrolle, \u00dcberwachungswahn und das absichtliche T\u00f6ten [&hellip;]<\/p>\n","protected":false},"author":12080,"featured_media":0,"comment_status":"closed","ping_status":"closed","sticky":false,"template":"","format":"standard","meta":{"footnotes":""},"categories":[2],"tags":[69],"class_list":["post-12212","post","type-post","status-publish","format-standard","hentry","category-de","tag-freiburg"],"_links":{"self":[{"href":"https:\/\/chronik.noblogs.org\/index.php?rest_route=\/wp\/v2\/posts\/12212","targetHints":{"allow":["GET"]}}],"collection":[{"href":"https:\/\/chronik.noblogs.org\/index.php?rest_route=\/wp\/v2\/posts"}],"about":[{"href":"https:\/\/chronik.noblogs.org\/index.php?rest_route=\/wp\/v2\/types\/post"}],"author":[{"embeddable":true,"href":"https:\/\/chronik.noblogs.org\/index.php?rest_route=\/wp\/v2\/users\/12080"}],"replies":[{"embeddable":true,"href":"https:\/\/chronik.noblogs.org\/index.php?rest_route=%2Fwp%2Fv2%2Fcomments&post=12212"}],"version-history":[{"count":0,"href":"https:\/\/chronik.noblogs.org\/index.php?rest_route=\/wp\/v2\/posts\/12212\/revisions"}],"wp:attachment":[{"href":"https:\/\/chronik.noblogs.org\/index.php?rest_route=%2Fwp%2Fv2%2Fmedia&parent=12212"}],"wp:term":[{"taxonomy":"category","embeddable":true,"href":"https:\/\/chronik.noblogs.org\/index.php?rest_route=%2Fwp%2Fv2%2Fcategories&post=12212"},{"taxonomy":"post_tag","embeddable":true,"href":"https:\/\/chronik.noblogs.org\/index.php?rest_route=%2Fwp%2Fv2%2Ftags&post=12212"}],"curies":[{"name":"wp","href":"https:\/\/api.w.org\/{rel}","templated":true}]}}