{"id":12072,"date":"2020-03-20T12:00:11","date_gmt":"2020-03-20T10:00:11","guid":{"rendered":"http:\/\/chronik.blackblogs.org\/?p=12072"},"modified":"2020-03-20T12:00:11","modified_gmt":"2020-03-20T10:00:11","slug":"privatauto-eines-reservisten-und-polizisten-angezuendet","status":"publish","type":"post","link":"https:\/\/chronik.noblogs.org\/?p=12072","title":{"rendered":"Privatauto eines Reservisten und Polizisten angez\u00fcndet"},"content":{"rendered":"<p><strong>N\u00fcrnberg<\/strong>, 20. M\u00e4rz 2020<\/p>\n<blockquote><p>Es wurde in der gestrigen Nacht von Donnerstag auf Freitag ein Auto im N\u00fcrnberger Kiez Gostenhof angez\u00fcndet. Das Auto parkte im Viertel mit Aufklebern des Reservistenverbandes an der Heckklappe und einer Bullenuniform im Kofferraum. Mit der Tat soll unsere Abneigung gegen\u00fcber der zunehmenden Militarisierung der Gesellschafft und dem Abbau fast aller b\u00fcrgerlichen Grundrechte w\u00e4hrend der aktuellen Corona Krise gezeigt werden. Im letzten Sommer belagerten wochenlang Kr\u00e4fte des verhassten USK den Jamnitzer Platz, den zentralen Platz in Gostenhof. Derartige Schikanen werden wir nicht l\u00e4nger hinnehmen und unser Viertel weiterhin konsequent gegen die Belagerung durch Bullenschweine verteidigen.<!--more--><\/p>\n<p>Bullen raus aus unseren Vierteln!<br \/>\nEs lebe die befreite Gesellschaft! Tod dem Staatsterrorismus!<br \/>\nFreiheit f\u00fcr die 3 von der Parkbank!<\/p><\/blockquote>\n<p><strong>Quelle<\/strong>: Indymedia, <a href=\"http:\/\/raxuatgmxdvnp4no.onion\/?node=72826\">Spiegelung<\/a> (Tor)<\/p>\n<p>&nbsp;<\/p>\n<blockquote><p>Gegen 02:30 Uhr bemerkten Zeugen den brennenden Pkw in der Eberhardshofstra\u00dfe und verst\u00e4ndigten Polizei und Feuerwehr. Beim Eintreffen eines L\u00f6schzuges stand die Front des Fahrzeugs bereits in Flammen. Das Feuer konnte schnell gel\u00f6scht werden, aber an dem Dacia Sandero entstand ein gesch\u00e4tzter Schaden von etwa 12.000 Euro. Personen wurden nicht verletzt.<\/p><\/blockquote>\n<p><strong>Quelle<\/strong>: InFranken.de<\/p>\n","protected":false},"excerpt":{"rendered":"<p>N\u00fcrnberg, 20. M\u00e4rz 2020 Es wurde in der gestrigen Nacht von Donnerstag auf Freitag ein Auto im N\u00fcrnberger Kiez Gostenhof angez\u00fcndet. Das Auto parkte im Viertel mit Aufklebern des Reservistenverbandes an der Heckklappe und einer Bullenuniform im Kofferraum. Mit der Tat soll unsere Abneigung gegen\u00fcber der zunehmenden Militarisierung der Gesellschafft und dem Abbau fast aller [&hellip;]<\/p>\n","protected":false},"author":12080,"featured_media":0,"comment_status":"closed","ping_status":"closed","sticky":false,"template":"","format":"standard","meta":{"footnotes":""},"categories":[2],"tags":[146],"class_list":["post-12072","post","type-post","status-publish","format-standard","hentry","category-de","tag-nuernberg"],"_links":{"self":[{"href":"https:\/\/chronik.noblogs.org\/index.php?rest_route=\/wp\/v2\/posts\/12072","targetHints":{"allow":["GET"]}}],"collection":[{"href":"https:\/\/chronik.noblogs.org\/index.php?rest_route=\/wp\/v2\/posts"}],"about":[{"href":"https:\/\/chronik.noblogs.org\/index.php?rest_route=\/wp\/v2\/types\/post"}],"author":[{"embeddable":true,"href":"https:\/\/chronik.noblogs.org\/index.php?rest_route=\/wp\/v2\/users\/12080"}],"replies":[{"embeddable":true,"href":"https:\/\/chronik.noblogs.org\/index.php?rest_route=%2Fwp%2Fv2%2Fcomments&post=12072"}],"version-history":[{"count":0,"href":"https:\/\/chronik.noblogs.org\/index.php?rest_route=\/wp\/v2\/posts\/12072\/revisions"}],"wp:attachment":[{"href":"https:\/\/chronik.noblogs.org\/index.php?rest_route=%2Fwp%2Fv2%2Fmedia&parent=12072"}],"wp:term":[{"taxonomy":"category","embeddable":true,"href":"https:\/\/chronik.noblogs.org\/index.php?rest_route=%2Fwp%2Fv2%2Fcategories&post=12072"},{"taxonomy":"post_tag","embeddable":true,"href":"https:\/\/chronik.noblogs.org\/index.php?rest_route=%2Fwp%2Fv2%2Ftags&post=12072"}],"curies":[{"name":"wp","href":"https:\/\/api.w.org\/{rel}","templated":true}]}}