{"id":11543,"date":"2019-12-19T00:00:03","date_gmt":"2019-12-18T22:00:03","guid":{"rendered":"http:\/\/chronik.blackblogs.org\/?p=11543"},"modified":"2019-12-19T00:00:03","modified_gmt":"2019-12-18T22:00:03","slug":"sabotage-incendiaire-de-faisceaux-de-cables-sur-deux-ponts","status":"publish","type":"post","link":"https:\/\/chronik.noblogs.org\/?p=11543","title":{"rendered":"Sabotage incendiaire de faisceaux de c\u00e2bles sur deux ponts"},"content":{"rendered":"<p><strong><a href=\"https:\/\/chronik.blackblogs.org\/wp-content\/uploads\/sites\/109\/2019\/12\/kab.jpg\"><img loading=\"lazy\" decoding=\"async\" class=\"alignright size-medium wp-image-11544\" src=\"https:\/\/chronik.blackblogs.org\/wp-content\/uploads\/sites\/109\/2019\/12\/kab-300x200.jpg\" alt=\"\" width=\"300\" height=\"200\"><\/a>Munich (M\u00fcnchen)<\/strong>, 19&nbsp;d\u00e9cembre 2019<\/p>\n<blockquote><p>Dans la nuit du 19 d\u00e9cembre \u00e0 Munich, nous avons paralys\u00e9 par le feu les deux principaux c\u00e2bles [de fibre optique] de Vodafone et des services techniques de la ville sur deux ponts de l\u2019Isar. Ces c\u00e2bles alimentent, outre les grosses entreprises comme BMW, la centrale thermique-nord des services municipaux de Munich. L\u2019objectif \u00e9tait de causer le plus de d\u00e9g\u00e2ts mat\u00e9riels possibles pour s\u2019attaquer de mani\u00e8re concr\u00e8te \u00e0 la politique climatique dominante.<br \/>\n<!--more--><br \/>\nLe charbon br\u00fblera encore pendant de nombreuses ann\u00e9es dans la centrale thermique-nord pour produire de l\u2019\u00e9lectricit\u00e9 et du chauffage urbain. La ville de Munich ignore syst\u00e9matiquement le r\u00e9f\u00e9rendum ayant act\u00e9 sur le fait de ne pas poursuivre l\u2019exploitation du charbon, car cette centrale est cens\u00e9e rester sur le r\u00e9seau en tant que r\u00e9serve principale. Les services municipaux n\u2019ont que pour seule possibilit\u00e9 de provoquer une flamb\u00e9e des co\u00fbts s\u2019ils comptent mettre la centrale \u00e0 l\u2019arr\u00eat de mani\u00e8re pr\u00e9matur\u00e9e.<\/p>\n<p>Nous ne pouvons pas \u00e9valuer avec exactitude l\u2019ampleur des perturbations caus\u00e9es par nos petits incendies. Dans les rares articles de journaux, on parle de plusieurs jours de travaux n\u00e9cessaires pour les r\u00e9parations et de d\u00e9g\u00e2ts mat\u00e9riels sup\u00e9rieurs \u00e0 100.000 euros.<\/p>\n<p>L\u2019abandon du charbon est un travail manuel.<br \/>\nAbolissons le capitalisme.<br \/>\nCoupons le jus des tueurs du climat.<\/p>\n<p>Salutations enflamm\u00e9es aux trois du banc public.<\/p><\/blockquote>\n<p><strong>Source<\/strong>: <a href=\"http:\/\/4sy6ebszykvcv2n6.onion\/node\/56930\">Indymedia<\/a> (Tor), trad. <a href=\"https:\/\/sansattendre.noblogs.org\/post\/2019\/12\/31\/munich-allemagne-sabotage-incendiaire-de-faisceaux-de-cables-sur-deux-ponts-19-decembre-2019\/\">sansattendre.noblogs.org<\/a><\/p>\n","protected":false},"excerpt":{"rendered":"<p>Munich (M\u00fcnchen), 19&nbsp;d\u00e9cembre 2019 Dans la nuit du 19 d\u00e9cembre \u00e0 Munich, nous avons paralys\u00e9 par le feu les deux principaux c\u00e2bles [de fibre optique] de Vodafone et des services techniques de la ville sur deux ponts de l\u2019Isar. Ces c\u00e2bles alimentent, outre les grosses entreprises comme BMW, la centrale thermique-nord des services municipaux de [&hellip;]<\/p>\n","protected":false},"author":12080,"featured_media":0,"comment_status":"closed","ping_status":"closed","sticky":false,"template":"","format":"standard","meta":{"footnotes":""},"categories":[5],"tags":[138],"class_list":["post-11543","post","type-post","status-publish","format-standard","hentry","category-fr","tag-muenchen"],"_links":{"self":[{"href":"https:\/\/chronik.noblogs.org\/index.php?rest_route=\/wp\/v2\/posts\/11543","targetHints":{"allow":["GET"]}}],"collection":[{"href":"https:\/\/chronik.noblogs.org\/index.php?rest_route=\/wp\/v2\/posts"}],"about":[{"href":"https:\/\/chronik.noblogs.org\/index.php?rest_route=\/wp\/v2\/types\/post"}],"author":[{"embeddable":true,"href":"https:\/\/chronik.noblogs.org\/index.php?rest_route=\/wp\/v2\/users\/12080"}],"replies":[{"embeddable":true,"href":"https:\/\/chronik.noblogs.org\/index.php?rest_route=%2Fwp%2Fv2%2Fcomments&post=11543"}],"version-history":[{"count":0,"href":"https:\/\/chronik.noblogs.org\/index.php?rest_route=\/wp\/v2\/posts\/11543\/revisions"}],"wp:attachment":[{"href":"https:\/\/chronik.noblogs.org\/index.php?rest_route=%2Fwp%2Fv2%2Fmedia&parent=11543"}],"wp:term":[{"taxonomy":"category","embeddable":true,"href":"https:\/\/chronik.noblogs.org\/index.php?rest_route=%2Fwp%2Fv2%2Fcategories&post=11543"},{"taxonomy":"post_tag","embeddable":true,"href":"https:\/\/chronik.noblogs.org\/index.php?rest_route=%2Fwp%2Fv2%2Ftags&post=11543"}],"curies":[{"name":"wp","href":"https:\/\/api.w.org\/{rel}","templated":true}]}}