{"id":11515,"date":"2020-01-01T00:00:50","date_gmt":"2019-12-31T22:00:50","guid":{"rendered":"http:\/\/chronik.blackblogs.org\/?p=11515"},"modified":"2020-01-01T00:00:50","modified_gmt":"2019-12-31T22:00:50","slug":"brandanschlag-auf-agentur-fuer-arbeit","status":"publish","type":"post","link":"https:\/\/chronik.noblogs.org\/?p=11515","title":{"rendered":"Brandanschlag auf Agentur f\u00fcr Arbeit"},"content":{"rendered":"<p><strong><a href=\"https:\/\/chronik.blackblogs.org\/wp-content\/uploads\/sites\/109\/2020\/01\/hal.jpg\"><img loading=\"lazy\" decoding=\"async\" class=\"alignright size-medium wp-image-11516\" src=\"https:\/\/chronik.blackblogs.org\/wp-content\/uploads\/sites\/109\/2020\/01\/hal-300x200.jpg\" alt=\"\" width=\"300\" height=\"200\"><\/a>Hamburg<\/strong>, 1. Januar 2020<\/p>\n<blockquote><p>In der Nacht zum 1.1. sind wir ohne Termin zur Agentur f\u00fcr Arbeit in Altona-Nord in der Kieler Stra\u00dfe gekommen. Statt uns artig eine Nummer zu ziehen und uns von Mitarbeiter*innen und Struktur des Hauses schikanieren zu lassen, haben wir mit H\u00e4mmern einige Scheiben des Jobcenters zerst\u00f6rt und &#8211; um sicher zu gehen, dass der Betrieb m\u00f6glichst lange gest\u00f6rt wird &#8211; Brands\u00e4tze reingeworfen.<\/p>\n<p>Das Jobcenter und die Agentur f\u00fcr Arbeit sind Teil des selben Apparates, der Menschen nach \u00f6konomischer Verwertbarkeit einteilt.<!--more--> Im Jobcenter werden jene sanktioniert, die nicht in ein System von Arbeitszwang und Ausbeutung passen k\u00f6nnen oder wollen. Durch das Vorenthalten von Leistungen und permanenten Druck auf die Bezieher*innen, sollen Menschen nicht nur dazu gebracht werden, jede noch so unappetitliche Arbeit anzunehmen. Es soll gleichzeitig eine Linie gezogen werden. Eine Linie, die aufzeigt, wer normal ist und wer nicht. Wer dazu geh\u00f6rt und wer nicht.<\/p>\n<p>Dabei richten sich Agentur f\u00fcr Arbeit und Jobcenter nicht nur an die Bezieher*innen. Sie richten sich eben auch an die Arbeitenden, in dem sie als Damoklesschwert der Arbeitslosigkeit aufzeigen, mit welcher Behandlung sie zu rechnen haben, wenn sie den &#8220;Spielregeln&#8221; der Arbeitswelt nicht gehorchen.<\/p>\n<p>Wir blicken auf ein bewegtes Jahr 2019 zur\u00fcck. Mit dem Angriff auf die Agentur f\u00fcr Arbeit starten wir das Jahr 2020 wie das letzte beendet wurde: W\u00fctend und k\u00e4mpferisch.<\/p>\n<p>In der Hoffnung dass das Feuer im Arbeitsamt bis \u00fcber die Mauern des Knast am Holstenglacis zu sehen war, schicken wir solidarische Gr\u00fc\u00dfe an die 3 von der Parkbank. Ihr Prozess beginnt am 8.1.2020 um 13Uhr im Gericht am Holstenglacis. Kommt vorbei und zeigt euch solidarisch.<\/p>\n<p>Freiheit f\u00fcr alle Gefangenen!<br \/>\nF\u00fcr die soziale Revolte!<br \/>\nF\u00fcr ein k\u00e4mpferisches 2020!<\/p><\/blockquote>\n<p><strong>Quelle<\/strong>: <a href=\"http:\/\/4sy6ebszykvcv2n6.onion\/node\/57369\">Indymedia<\/a> (Tor)<\/p>\n<p>&nbsp;<\/p>\n<blockquote><p>Altona-Nord &#8211; Politische Angriffe in Hamburg: In der Silvesternacht sind mehrere Scheiben der Agentur f\u00fcr Arbeit an der Kieler Stra\u00dfe eingeschlagen worden. Der oder die T\u00e4ter warfen mutma\u00dflich Feuerwerksk\u00f6rper in das Geb\u00e4ude und sind nun fl\u00fcchtig. Der Staatsschutz ermittelt \u2013 es ist nicht der einzige neue Fall, den er zu bearbeiten hat.<\/p>\n<p>\u201eDieses Objekt wird video\u00fcberwacht\u201c steht auf einem Schild an der Fassade des denkmalgesch\u00fctzten Geb\u00e4udes in Altona-Nord. Offenbar nicht abschreckend genug f\u00fcr die Urheber der zerst\u00f6rerischen Gewalt: Mindestens zwei Scheiben wurden im Souterrain eingeschlagen, laut Polizei sogar noch Pyrotechnik in einen Raum geworfen, der stark besch\u00e4digt wurde. \u201eDas Feuer erlosch selbstst\u00e4ndig\u201c, teilte eine Sprecherin der Polizei am Donnerstag mit.<\/p>\n<p>Gef\u00fcllte Christbaumkugeln auf SPD-Geb\u00e4ude geworfen<\/p>\n<p>In derselben Nacht haben Unbekannte mehrere mit blauer Farbe gef\u00fcllte Christbaumkugeln gegen das Geb\u00e4ude des SPD-Landesverbandes an der Kurt-Schuhmacher-Allee (St. Georg) geworfen. \u201eEine Leuchtreklame wurde dadurch besch\u00e4digt.\u201c<\/p>\n<p>Die Polizei bittet um Hilfe aus der Bev\u00f6lkerung: Wer Hinweise zu den T\u00e4tern geben kann oder Verd\u00e4chtiges im Umfeld der zwei Orte beobachtet hat, soll sich unter Telefonnummer 428 65 6789 melden.<br \/>\nHamburg: Polizei nimmt sechs mutma\u00dfliche Sprayer fest<\/p>\n<p>Insgesamt nahm die Polizei im selben Umfeld in der Silvesternacht noch sechs Personen fest, die an Geb\u00e4udew\u00e4nden in zweistelliger Zahl, unter anderem in der Bernstoff- und Thadenstra\u00dfe, Graffitis gespr\u00fcht haben soll. Ihre sogenannten Tags: \u201eYuppischweine raus dem Viertel\u201c, \u201eACAC\u201c und \u201eAnarchy\u201c.<\/p><\/blockquote>\n<p><strong>Quelle<\/strong>: <a href=\"https:\/\/www.mopo.de\/hamburg\/polizei\/silvester-in-hamburg-randalierer-werfen-boeller-in-agentur-fuer-arbeit-33685400\">Mopo<\/a><\/p>\n","protected":false},"excerpt":{"rendered":"<p>Hamburg, 1. Januar 2020 In der Nacht zum 1.1. sind wir ohne Termin zur Agentur f\u00fcr Arbeit in Altona-Nord in der Kieler Stra\u00dfe gekommen. Statt uns artig eine Nummer zu ziehen und uns von Mitarbeiter*innen und Struktur des Hauses schikanieren zu lassen, haben wir mit H\u00e4mmern einige Scheiben des Jobcenters zerst\u00f6rt und &#8211; um sicher [&hellip;]<\/p>\n","protected":false},"author":12080,"featured_media":0,"comment_status":"closed","ping_status":"closed","sticky":false,"template":"","format":"standard","meta":{"footnotes":""},"categories":[2],"tags":[88],"class_list":["post-11515","post","type-post","status-publish","format-standard","hentry","category-de","tag-hamburg"],"_links":{"self":[{"href":"https:\/\/chronik.noblogs.org\/index.php?rest_route=\/wp\/v2\/posts\/11515","targetHints":{"allow":["GET"]}}],"collection":[{"href":"https:\/\/chronik.noblogs.org\/index.php?rest_route=\/wp\/v2\/posts"}],"about":[{"href":"https:\/\/chronik.noblogs.org\/index.php?rest_route=\/wp\/v2\/types\/post"}],"author":[{"embeddable":true,"href":"https:\/\/chronik.noblogs.org\/index.php?rest_route=\/wp\/v2\/users\/12080"}],"replies":[{"embeddable":true,"href":"https:\/\/chronik.noblogs.org\/index.php?rest_route=%2Fwp%2Fv2%2Fcomments&post=11515"}],"version-history":[{"count":0,"href":"https:\/\/chronik.noblogs.org\/index.php?rest_route=\/wp\/v2\/posts\/11515\/revisions"}],"wp:attachment":[{"href":"https:\/\/chronik.noblogs.org\/index.php?rest_route=%2Fwp%2Fv2%2Fmedia&parent=11515"}],"wp:term":[{"taxonomy":"category","embeddable":true,"href":"https:\/\/chronik.noblogs.org\/index.php?rest_route=%2Fwp%2Fv2%2Fcategories&post=11515"},{"taxonomy":"post_tag","embeddable":true,"href":"https:\/\/chronik.noblogs.org\/index.php?rest_route=%2Fwp%2Fv2%2Ftags&post=11515"}],"curies":[{"name":"wp","href":"https:\/\/api.w.org\/{rel}","templated":true}]}}