{"id":11510,"date":"2019-12-17T00:00:29","date_gmt":"2019-12-16T22:00:29","guid":{"rendered":"http:\/\/chronik.blackblogs.org\/?p=11510"},"modified":"2019-12-17T00:00:29","modified_gmt":"2019-12-16T22:00:29","slug":"rwe-trafo-angezuendet","status":"publish","type":"post","link":"https:\/\/chronik.noblogs.org\/?p=11510","title":{"rendered":"RWE-Trafo angez\u00fcndet"},"content":{"rendered":"<p><strong>Hambacher Forst<\/strong>,&nbsp; 17. Dezember 2019<\/p>\n<blockquote><p>Die Polizei erhielt gestern (17.12.19) Kenntnis \u00fcber einen Brandanschlag auf RWE eigene technische Ger\u00e4tschaften im Bereich der Blumenstra\u00dfe in unmittelbarer N\u00e4he zum Hambacher Forst. Unbekannte Tatverd\u00e4chtige setzten einen mobilen Transformator an der dortigen Pumpstation in Brand und besch\u00e4digten diesen erheblich; es entstand ein Sachschaden von mehr als 30.000 Euro. Laut RWE gab es letzten Freitag gegen 01.30 Uhr eine St\u00f6rmeldung am Ger\u00e4t; bei einer gestrigen Nachschau wurde der Schaden festgestellt und die Polizei informiert. Die Ermittlungskommission Hambach hat die Ermittlungen wegen Sachbesch\u00e4digung durch Feuer und St\u00f6rung \u00f6ffentlicher Betriebe aufgenommen; Tatverd\u00e4chtige sind bislang unbekannt.<\/p><\/blockquote>\n<p><strong>Quelle<\/strong>: Polizei<\/p>\n","protected":false},"excerpt":{"rendered":"<p>Hambacher Forst,&nbsp; 17. Dezember 2019 Die Polizei erhielt gestern (17.12.19) Kenntnis \u00fcber einen Brandanschlag auf RWE eigene technische Ger\u00e4tschaften im Bereich der Blumenstra\u00dfe in unmittelbarer N\u00e4he zum Hambacher Forst. Unbekannte Tatverd\u00e4chtige setzten einen mobilen Transformator an der dortigen Pumpstation in Brand und besch\u00e4digten diesen erheblich; es entstand ein Sachschaden von mehr als 30.000 Euro. Laut [&hellip;]<\/p>\n","protected":false},"author":12080,"featured_media":0,"comment_status":"closed","ping_status":"closed","sticky":false,"template":"","format":"standard","meta":{"footnotes":""},"categories":[2],"tags":[87],"class_list":["post-11510","post","type-post","status-publish","format-standard","hentry","category-de","tag-hambacher-forst"],"_links":{"self":[{"href":"https:\/\/chronik.noblogs.org\/index.php?rest_route=\/wp\/v2\/posts\/11510","targetHints":{"allow":["GET"]}}],"collection":[{"href":"https:\/\/chronik.noblogs.org\/index.php?rest_route=\/wp\/v2\/posts"}],"about":[{"href":"https:\/\/chronik.noblogs.org\/index.php?rest_route=\/wp\/v2\/types\/post"}],"author":[{"embeddable":true,"href":"https:\/\/chronik.noblogs.org\/index.php?rest_route=\/wp\/v2\/users\/12080"}],"replies":[{"embeddable":true,"href":"https:\/\/chronik.noblogs.org\/index.php?rest_route=%2Fwp%2Fv2%2Fcomments&post=11510"}],"version-history":[{"count":0,"href":"https:\/\/chronik.noblogs.org\/index.php?rest_route=\/wp\/v2\/posts\/11510\/revisions"}],"wp:attachment":[{"href":"https:\/\/chronik.noblogs.org\/index.php?rest_route=%2Fwp%2Fv2%2Fmedia&parent=11510"}],"wp:term":[{"taxonomy":"category","embeddable":true,"href":"https:\/\/chronik.noblogs.org\/index.php?rest_route=%2Fwp%2Fv2%2Fcategories&post=11510"},{"taxonomy":"post_tag","embeddable":true,"href":"https:\/\/chronik.noblogs.org\/index.php?rest_route=%2Fwp%2Fv2%2Ftags&post=11510"}],"curies":[{"name":"wp","href":"https:\/\/api.w.org\/{rel}","templated":true}]}}