{"id":11448,"date":"2019-12-19T00:00:58","date_gmt":"2019-12-18T22:00:58","guid":{"rendered":"http:\/\/chronik.blackblogs.org\/?p=11448"},"modified":"2019-12-19T00:00:58","modified_gmt":"2019-12-18T22:00:58","slug":"reifen-an-auto-eines-nazis-zerstochen","status":"publish","type":"post","link":"https:\/\/chronik.noblogs.org\/?p=11448","title":{"rendered":"Reifen an Auto eines Nazis zerstochen"},"content":{"rendered":"<p><strong>Stuttgart<\/strong>, 19. Dezember 2019<\/p>\n<blockquote><p>Heute fand wieder ein Prozess eines Rassisten vor dem Arbeitsgericht in Stuttgart statt. Er wurde von Daimler gek\u00fcndigt da er \u00fcber Monate ein t\u00fcrkischen Vertrauensmann beleidigt hatte. Hinter die zwei entlassenen Rassisten stellt sich nun die rechte Pseudogewerkschaft Zentrum Automobil, angef\u00fchrt vom langj\u00e4hrigen Nazischwein Hilburger. Auch wenn die Bullen dieses Mal mit krassem Aufgebot die Nazis besch\u00fctzt haben, haben wir w\u00e4hrend die Nazis ihren Prozess verloren haben, das Auto von Simon Kaupert ausfindig und kaputt gemacht.<!--more--><\/p>\n<p>Er ist rechter Kameramann und Pressesprecher von Zentrum Automobil Lepizig und aktiv beim IB- Ableger Kontrakultur Halle.<\/p>\n<p>Neben \u00d6ffentlichkeitsarbeit und \u00f6ffentlichen Protesten ist es notwendig die Faschos und ihre politische Arbeit direkt anzugreifen.<\/p>\n<p>Nazi sein, hei\u00dft Probleme kriegen!<\/p><\/blockquote>\n<p><strong>Quelle<\/strong>: <a href=\"http:\/\/4sy6ebszykvcv2n6.onion\/node\/54507\">Indymedia<\/a> (Tor)<\/p>\n","protected":false},"excerpt":{"rendered":"<p>Stuttgart, 19. Dezember 2019 Heute fand wieder ein Prozess eines Rassisten vor dem Arbeitsgericht in Stuttgart statt. Er wurde von Daimler gek\u00fcndigt da er \u00fcber Monate ein t\u00fcrkischen Vertrauensmann beleidigt hatte. Hinter die zwei entlassenen Rassisten stellt sich nun die rechte Pseudogewerkschaft Zentrum Automobil, angef\u00fchrt vom langj\u00e4hrigen Nazischwein Hilburger. Auch wenn die Bullen dieses Mal [&hellip;]<\/p>\n","protected":false},"author":12080,"featured_media":0,"comment_status":"closed","ping_status":"closed","sticky":false,"template":"","format":"standard","meta":{"footnotes":""},"categories":[2],"tags":[194],"class_list":["post-11448","post","type-post","status-publish","format-standard","hentry","category-de","tag-stuttgart"],"_links":{"self":[{"href":"https:\/\/chronik.noblogs.org\/index.php?rest_route=\/wp\/v2\/posts\/11448","targetHints":{"allow":["GET"]}}],"collection":[{"href":"https:\/\/chronik.noblogs.org\/index.php?rest_route=\/wp\/v2\/posts"}],"about":[{"href":"https:\/\/chronik.noblogs.org\/index.php?rest_route=\/wp\/v2\/types\/post"}],"author":[{"embeddable":true,"href":"https:\/\/chronik.noblogs.org\/index.php?rest_route=\/wp\/v2\/users\/12080"}],"replies":[{"embeddable":true,"href":"https:\/\/chronik.noblogs.org\/index.php?rest_route=%2Fwp%2Fv2%2Fcomments&post=11448"}],"version-history":[{"count":0,"href":"https:\/\/chronik.noblogs.org\/index.php?rest_route=\/wp\/v2\/posts\/11448\/revisions"}],"wp:attachment":[{"href":"https:\/\/chronik.noblogs.org\/index.php?rest_route=%2Fwp%2Fv2%2Fmedia&parent=11448"}],"wp:term":[{"taxonomy":"category","embeddable":true,"href":"https:\/\/chronik.noblogs.org\/index.php?rest_route=%2Fwp%2Fv2%2Fcategories&post=11448"},{"taxonomy":"post_tag","embeddable":true,"href":"https:\/\/chronik.noblogs.org\/index.php?rest_route=%2Fwp%2Fv2%2Ftags&post=11448"}],"curies":[{"name":"wp","href":"https:\/\/api.w.org\/{rel}","templated":true}]}}