{"id":11114,"date":"2019-10-26T00:00:11","date_gmt":"2019-10-25T22:00:11","guid":{"rendered":"http:\/\/chronik.blackblogs.org\/?p=11114"},"modified":"2019-10-26T00:00:11","modified_gmt":"2019-10-25T22:00:11","slug":"farbe-gegen-vonovia-buero","status":"publish","type":"post","link":"https:\/\/chronik.noblogs.org\/?p=11114","title":{"rendered":"Farbe gegen Vonovia-B\u00fcro"},"content":{"rendered":"<p><strong>Freiburg<\/strong>, 26. Oktober 2019<\/p>\n<blockquote><p>Im Rahmen der Freiburger Squatting Days wurde in der Nacht auf Donnerstag das Geb\u00e4ude der Vonovia in der Haslacherstra\u00dfe 126 markiert. Vonovia ist das gr\u00f6\u00dfte Immobilienunternehmen in Deutschland und f\u00fcr Verdr\u00e4ngung, \u00fcberh\u00f6hte Mieten und Wohnungsnot verantwortlich. Unternehmen wie Vonovia machen enorme Gewinne mit Grundbed\u00fcrfnissen der Menschen, indem sie \u00fcberh\u00f6hte Mieten verlangen und Profite aus den Nebenkostenabrechnungen ziehen.<!--more--><\/p>\n<p>Vonovia, Deutsche Wohnen &amp; co enteignen!<br \/>\nKeine Profite mit Miete und Nebenkostenabrechnungen!<br \/>\nWohnraum f\u00fcr alle!<\/p><\/blockquote>\n<p><strong>Quelle<\/strong>: <a href=\"http:\/\/4sy6ebszykvcv2n6.onion\/node\/43001\">Indymedia<\/a> (Tor)<\/p>\n","protected":false},"excerpt":{"rendered":"<p>Freiburg, 26. Oktober 2019 Im Rahmen der Freiburger Squatting Days wurde in der Nacht auf Donnerstag das Geb\u00e4ude der Vonovia in der Haslacherstra\u00dfe 126 markiert. Vonovia ist das gr\u00f6\u00dfte Immobilienunternehmen in Deutschland und f\u00fcr Verdr\u00e4ngung, \u00fcberh\u00f6hte Mieten und Wohnungsnot verantwortlich. Unternehmen wie Vonovia machen enorme Gewinne mit Grundbed\u00fcrfnissen der Menschen, indem sie \u00fcberh\u00f6hte Mieten verlangen [&hellip;]<\/p>\n","protected":false},"author":12080,"featured_media":0,"comment_status":"closed","ping_status":"closed","sticky":false,"template":"","format":"standard","meta":{"footnotes":""},"categories":[2],"tags":[69],"class_list":["post-11114","post","type-post","status-publish","format-standard","hentry","category-de","tag-freiburg"],"_links":{"self":[{"href":"https:\/\/chronik.noblogs.org\/index.php?rest_route=\/wp\/v2\/posts\/11114","targetHints":{"allow":["GET"]}}],"collection":[{"href":"https:\/\/chronik.noblogs.org\/index.php?rest_route=\/wp\/v2\/posts"}],"about":[{"href":"https:\/\/chronik.noblogs.org\/index.php?rest_route=\/wp\/v2\/types\/post"}],"author":[{"embeddable":true,"href":"https:\/\/chronik.noblogs.org\/index.php?rest_route=\/wp\/v2\/users\/12080"}],"replies":[{"embeddable":true,"href":"https:\/\/chronik.noblogs.org\/index.php?rest_route=%2Fwp%2Fv2%2Fcomments&post=11114"}],"version-history":[{"count":0,"href":"https:\/\/chronik.noblogs.org\/index.php?rest_route=\/wp\/v2\/posts\/11114\/revisions"}],"wp:attachment":[{"href":"https:\/\/chronik.noblogs.org\/index.php?rest_route=%2Fwp%2Fv2%2Fmedia&parent=11114"}],"wp:term":[{"taxonomy":"category","embeddable":true,"href":"https:\/\/chronik.noblogs.org\/index.php?rest_route=%2Fwp%2Fv2%2Fcategories&post=11114"},{"taxonomy":"post_tag","embeddable":true,"href":"https:\/\/chronik.noblogs.org\/index.php?rest_route=%2Fwp%2Fv2%2Ftags&post=11114"}],"curies":[{"name":"wp","href":"https:\/\/api.w.org\/{rel}","templated":true}]}}