{"id":10754,"date":"2019-09-08T00:00:17","date_gmt":"2019-09-07T22:00:17","guid":{"rendered":"http:\/\/chronik.blackblogs.org\/?p=10754"},"modified":"2019-09-08T00:00:17","modified_gmt":"2019-09-07T22:00:17","slug":"truppenuebungsplaetze-aufgesucht","status":"publish","type":"post","link":"https:\/\/chronik.noblogs.org\/?p=10754","title":{"rendered":"Truppen\u00fcbungspl\u00e4tze aufgesucht"},"content":{"rendered":"<p><strong><a href=\"https:\/\/chronik.blackblogs.org\/wp-content\/uploads\/sites\/109\/2019\/09\/42204.jpg\"><img loading=\"lazy\" decoding=\"async\" class=\"alignright size-medium wp-image-10757\" src=\"https:\/\/chronik.blackblogs.org\/wp-content\/uploads\/sites\/109\/2019\/09\/42204-300x229.jpg\" alt=\"\" width=\"300\" height=\"229\"><\/a>Munster\/Bergen\/Unterl\u00fc\u00df<\/strong>, September 2019<\/p>\n<blockquote><p>Gestern haben wir ein \u00dcbungsdorf der Bundeswehr im milit\u00e4rischen Sperrgebiet \u201eMunster Nord\u201c mit antimilitaristischen Parolen markiert, uns Zugang zum Sicherungsgeb\u00e4ude am Rande des Gel\u00e4ndes verschafft und dort Sicherungsk\u00e4sten zerst\u00f6rt.<\/p>\n<p>Seit Tagen findet ganz in der N\u00e4he das \u201eRheinmetall entwaffnen\u201c Camp in Unterl\u00fc\u00df bei Celle statt. AntimilitaristInnen und InternationalistInnen aus dem gesamten Bundesgebiet sind angereist um die R\u00fcstungsschmiede Rheinmetall zu blockieren. Daneben ist f\u00fcr Samstag eine Demonstration geplant und finden viele Veranstaltungen und Workshops auf dem Camp statt.<!--more--><\/p>\n<p>Direkt in Unterl\u00fc\u00df produziert Rheinmetall R\u00fcstungsg\u00fcter. Doch auch die Region drum herum ist massiv militarisiert, so befinden sich hier zahlreiche Truppen\u00fcbungspl\u00e4tze der Bundeswehr und NATO. Die Auswahl des Ortes f\u00fcr das Camp hat also den Nagel auf den Kopf getroffen. Deutsche Waffen sind ein Exportschlager. Weltweit kommen R\u00fcstungsg\u00fcter \u201emade by Rheinmetall\u201c zum Einsatz. So werden z.B. Teile vom Leopard2 Panzer von Rheinmetall hergestellt, die von der t\u00fcrkischen Armee gegen die kurdische Befreiungsbewegung und das fortschrittliche Projekt Rojava in Nordsyrien eingesetzt werden. Internationalismus und Antimilitarismus sind nicht zwei Paar Schuhe. Antimilitaristische Aktionen hier vor Ort sind Teil internationaler Solidarit\u00e4tsarbeit und umgekehrt.<\/p>\n<p>Wir wollen eine Welt ohne Krieg. Mit einem Camp oder militanten Aktionen alleine werden wir das nat\u00fcrlich nicht schaffen. Es geht um die \u00dcberwindung eines Systems, dass auf Konkurrenz und Ausbeutung aufgebaut ist und laufend neue Konflikte und Kriege hervorbringt. Es geht darum ein Gesellschaftssystem jenseits des Kapitalismus zu errichten.<\/p>\n<p>Krieg beginnt hier \u2013 Widerstand auch!<\/p>\n<p>Infos zum Camp:<\/p>\n<p>www.rheinmetallentwaffnen.noblogs.org<\/p>\n<p>Folgt dem Hashtags:<\/p>\n<p>#rheinmetallentwaffnen<\/p><\/blockquote>\n<p><strong>Quelle<\/strong>: <a href=\"http:\/\/4sy6ebszykvcv2n6.onion\/node\/37183\">Indymedia<\/a> (Tor)<\/p>\n<p>&nbsp;<\/p>\n<!-- Here be dragons but no images. -->\n<p>&nbsp;<\/p>\n<blockquote><p>Um zu zeigen, dass selbst die NATO auf ihren Truppen\u00fcbungspl\u00e4tzen nicht unverwundbar ist, haben wir am Freitag 06.09.19, eine Schie\u00dfanlage auf dem NATO Truppen\u00fcbungsplatz Bergen-Hohne angegriffen. Wir haben das Kontrollgeb\u00e4ude verw\u00fcstet und die Anlage so zumindest kurzzeitig unbrauchbar gemacht. In der wundersch\u00f6nen L\u00fcneburger Heide versch\u00f6nerten wir allerhand milit\u00e4risches \u00dcbungs- und Ausbildungsmaterial mit Parolen und politischen Symbolen.<\/p>\n<p>Die NATO steht seit mittlerweile 70 Jahren f\u00fcr offensive imperialistische Kriegspolitik und darf sich nirgendwo in einem sicheren Hinterland und einer ruhigen Heimatfront w\u00e4hnen. Aktuell ist sie an verschiedenen Kriegen beteiligt, ein Beispiel daf\u00fcr ist die Kriegsbeteiligung in Afghanistan. F\u00fcr die Zivilbev\u00f6lkerung der jeweiligen L\u00e4nder hat das verheerende Folgen, w\u00e4hrend sich die Konzerne des milit\u00e4risch- industriellen Komplexes der NATO-Staaten eine goldene Nase verdienen.<\/p>\n<p>Solange Krieg profitabel und ein Mittel f\u00fcr \u00f6konomische, wirtschaftliche oder geographische Interessen ist, wird das kein Ende finden.<\/p>\n<p>Gegen die Militarisierung und Kriegspolitik der imperialistischen L\u00e4nder kann die Antwort nur ein Antimilitarismus sein, der die Systemfrage stellt und den Kapitalismus angreift. Indem wir hier die Kriegstreiber angreifen, die dieses System tragen und verteidigen, streuen wir Sand ins Getriebe der Herrschenden. Der Kampf gegen dieses System stellt die Weichen f\u00fcr eine Gesellschaft, die auf Solidarit\u00e4t aufgebaut werden kann.<\/p>\n<p>Der Hauptfeind steht im eigenen Land!<\/p>\n<p>Krieg dem Krieg!<\/p><\/blockquote>\n<p><strong>Quelle<\/strong>: <a href=\"http:\/\/4sy6ebszykvcv2n6.onion\/node\/37223\">Indymedia<\/a> (Tor)<\/p>\n<p>&nbsp;<\/p>\n<!-- Here be dragons but no images. -->\n<p>&nbsp;<\/p>\n<blockquote><p>In der L\u00fcneburger Heide befindet sich mit dem Truppen\u00fcbungsplatz Bergen einer der gr\u00f6\u00dften milit\u00e4rischen Sperrgebiete Deutschlands. Nicht nur die Bundeswehr trainiert und bereitet sich dort auf die Eins\u00e4tze im Ausland vor, das riesige Gel\u00e4nde bei Bergen ist ein Truppen\u00fcbungsplatz der Nato. Hier finden L\u00e4nder\u00fcbergreifend die Vorbereitungen auf die kommenden Kriege des \u201eB\u00fcndnisses\u201c statt. Die verschiedene Staaten trainieren hier im realistischen Man\u00f6ver das Zusammenspiel ihrer Truppen.<\/p>\n<p>Am Samstag den 7. September statteten AntimilitaristInnen diesem Vorbereitungsort imperialistischer Aggression einen Besuch ab. Trotz viel Betriebs und den Durchfahrten von gepanzerten Konvois wurde das milit\u00e4rische Sperrgebiet unbemerkt betreten. Eine Garagen- und Werkstattanlage auf dem Gel\u00e4nde wurde mit antimilitaristischen Parolen markiert, sowie einige technische Ger\u00e4te in ihrer Funktion eingeschr\u00e4nkt.<\/p>\n<p>Dem deutschen Militarismus gilt es Sand ins Getriebe zu streuen. Und der Anfang davon k\u00f6nnen solche selbstbestimmten antimilitaristischen Aktionen sein. Denn sie zeigen, der hoch aufger\u00fcstete deutsche Milit\u00e4rapparat ist angreifbar. F\u00fcr uns gilt das wir die Bundeswehr und Nato egal wo, auf unterschiedlichen Ebenen angehen, ob in der \u00d6ffentlichkeit, bei Messest\u00e4nden und anderen Werbe-Inszenierungen, bei Milit\u00e4r\u00fcbungen oder durch das Sabotieren ihrer Infrastruktur &#8211; auch wenn heute noch meist auf Markierungen und andere kleinere Aktionen beschr\u00e4nkt.<\/p>\n<p>Der Sand im Getriebe des deutschen Militarismus wird aus vielen K\u00f6rnchen zusammen gesetzt.<\/p>\n<p>Smash NATO!<\/p><\/blockquote>\n<p><strong>Quelle<\/strong>: <a href=\"http:\/\/4sy6ebszykvcv2n6.onion\/node\/37249\">Indymedia<\/a> (Tor)<\/p>\n<p>&nbsp;<\/p>\n<!-- Here be dragons but no images. -->\n<p>&nbsp;<\/p>\n<blockquote><p>Am 7. September 2019 wurde ein Truppen\u00fcbungsdorf der Bundeswehr in Munster von AntimilitaristInnen markiert.<\/p>\n<p>Die Militarisierung ist in Munster allgegenw\u00e4rtig, ob durch NATO-\/Milit\u00e4rshops, das Panzermuseum, Bundeswehrautos und Soldaten. Plakate und Hinweise auf die Bundeswehr pr\u00e4gen das Bild der Kleinstadt.<\/p>\n<p>Das Truppen\u00fcbungsdorf befindet sich auf milit\u00e4rischem Sperrgebiet und ist in mehreren Bereichen aufgeteilt. Auf dem Gel\u00e4nde befinden sich ein \u00dcbungsdorf mit Parcours zum Panzerfahren, Schie\u00dfst\u00e4nde und eine Trib\u00fcne. Die Trib\u00fcne ist darauf ausgelegt Zuschauer, aber auch hohen Besuch zu empfangen.Das Gel\u00e4nde ist umgeben von einem naheliegenden Wald, der auf unterschiedlichen Wegen zu den verschiedenen Pl\u00e4tzen f\u00fchrt. Die Waldwege sind gespickt von leeren Patronenh\u00fclsen, Granatenresten, Panzerketten und \u00dcbungsmonition.<\/p>\n<p>Das Areal wurde markiert und Parolen wie \u201eKrieg dem Krieg\u201c schm\u00fccken nun die als Ziel dienenden Panzerwracks und Geb\u00e4ude auf dem Truppen\u00fcbungsplatz in Munster. Auch die Trib\u00fcne wurde mit roter Farbe eingedeckt und beschmiert.<\/p>\n<p>Es ist wichtig darauf aufmerksam zu machen, in wie vielen L\u00e4ndern die BRD im Interesse von Wenigen aus Profitgier Kriege anzettelt. Es soll vor allem nicht nur symbolisch Aufmerksamkeit erzeugen, sondern gerade die Bundeswehr als Akteur treffen, welches als ausf\u00fchrendes Organ das Interesse der herrschenden Klasse milit\u00e4risch durchsetzt.<\/p>\n<p>Wir d\u00fcrfen nicht nicht schweigen und zuschauen, sondern m\u00fcssen eine starke antimilitaristische und antikapitalistische Bewegung aufbauen. Als AntimilitaristInnen finden wir es wichtig, genau solche Orte anzuprangern und zu markieren.<\/p>\n<p>Gegen Krieg und Milit\u00e4r \u2013 Feuer und Flamme der Bundeswehr!<\/p><\/blockquote>\n<p><strong>Quelle<\/strong>: <a href=\"http:\/\/4sy6ebszykvcv2n6.onion\/node\/37255\">Indymedia<\/a> (Tor)<\/p>\n<p>&nbsp;<\/p>\n<!-- Here be dragons but no images. -->\n<p>&nbsp;<\/p>\n<blockquote><p>Am Freitag den 6. September sind wir in einen NATO-Truppen\u00fcbungsplatz bei Bergen in der S\u00fcdheide eingedrungen, haben dort einen Schie\u00dfstand besch\u00e4digt und mit Farbe markiert.<\/p>\n<p>Das imperialistische Milit\u00e4rb\u00fcndnis, das dieses Jahr sein 70 j\u00e4hriges Bestehen feiert, liefert immer noch t\u00e4glich gen\u00fcgend Gr\u00fcnde f\u00fcr seine Zerschlagung und endg\u00fcltige Aufl\u00f6sung.<\/p>\n<p>Westbalkan, Baltikum, Kosovo, Somalia, Afghanistan, Irak, Mittelmeer &#8211; die Operationen der Schweine setzen weltweit ein System durch, das Ausbeutung und Unterdr\u00fcckung an der Tagesordnung h\u00e4lt. Es liegt auf der Hand, dass ihr Gerede von Demokratie und Menschenrechten eine reine Farce ist. Dabei ist der NATO-&#8220;Partner&#8221; T\u00fcrkei mit seinem Terror gegen die kurdische Bev\u00f6lkerung nur eines von vielen Beispielen.<\/p>\n<p>Sie trainieren imperialistischen Krieg &#8211; wir leben den Widerstand!<\/p>\n<p>Die antimilitaristische Bewegung aufbauen, ihr System angreifen!<\/p>\n<p>Nieder mit der NATO, Krieg dem Krieg!<\/p><\/blockquote>\n<p><strong>Quelle<\/strong>: <a href=\"http:\/\/4sy6ebszykvcv2n6.onion\/node\/37258\">Indymedia<\/a> (Tor)<\/p>\n<p>&nbsp;<\/p>\n<!-- Here be dragons but no images. -->\n","protected":false},"excerpt":{"rendered":"<p>Munster\/Bergen\/Unterl\u00fc\u00df, September 2019 Gestern haben wir ein \u00dcbungsdorf der Bundeswehr im milit\u00e4rischen Sperrgebiet \u201eMunster Nord\u201c mit antimilitaristischen Parolen markiert, uns Zugang zum Sicherungsgeb\u00e4ude am Rande des Gel\u00e4ndes verschafft und dort Sicherungsk\u00e4sten zerst\u00f6rt. Seit Tagen findet ganz in der N\u00e4he das \u201eRheinmetall entwaffnen\u201c Camp in Unterl\u00fc\u00df bei Celle statt. AntimilitaristInnen und InternationalistInnen aus dem gesamten Bundesgebiet [&hellip;]<\/p>\n","protected":false},"author":12080,"featured_media":0,"comment_status":"closed","ping_status":"closed","sticky":false,"template":"","format":"standard","meta":{"footnotes":""},"categories":[2],"tags":[314,315,316],"class_list":["post-10754","post","type-post","status-publish","format-standard","hentry","category-de","tag-bergen","tag-munster","tag-unterluess"],"_links":{"self":[{"href":"https:\/\/chronik.noblogs.org\/index.php?rest_route=\/wp\/v2\/posts\/10754","targetHints":{"allow":["GET"]}}],"collection":[{"href":"https:\/\/chronik.noblogs.org\/index.php?rest_route=\/wp\/v2\/posts"}],"about":[{"href":"https:\/\/chronik.noblogs.org\/index.php?rest_route=\/wp\/v2\/types\/post"}],"author":[{"embeddable":true,"href":"https:\/\/chronik.noblogs.org\/index.php?rest_route=\/wp\/v2\/users\/12080"}],"replies":[{"embeddable":true,"href":"https:\/\/chronik.noblogs.org\/index.php?rest_route=%2Fwp%2Fv2%2Fcomments&post=10754"}],"version-history":[{"count":0,"href":"https:\/\/chronik.noblogs.org\/index.php?rest_route=\/wp\/v2\/posts\/10754\/revisions"}],"wp:attachment":[{"href":"https:\/\/chronik.noblogs.org\/index.php?rest_route=%2Fwp%2Fv2%2Fmedia&parent=10754"}],"wp:term":[{"taxonomy":"category","embeddable":true,"href":"https:\/\/chronik.noblogs.org\/index.php?rest_route=%2Fwp%2Fv2%2Fcategories&post=10754"},{"taxonomy":"post_tag","embeddable":true,"href":"https:\/\/chronik.noblogs.org\/index.php?rest_route=%2Fwp%2Fv2%2Ftags&post=10754"}],"curies":[{"name":"wp","href":"https:\/\/api.w.org\/{rel}","templated":true}]}}