{"id":10552,"date":"2019-08-25T00:00:56","date_gmt":"2019-08-24T22:00:56","guid":{"rendered":"http:\/\/chronik.blackblogs.org\/?p=10552"},"modified":"2019-08-25T00:00:56","modified_gmt":"2019-08-24T22:00:56","slug":"verklebte-schloesser-bei-afd-veranstaltungsort","status":"publish","type":"post","link":"https:\/\/chronik.noblogs.org\/?p=10552","title":{"rendered":"Verklebte Schl\u00f6sser bei AfD-Veranstaltungsort"},"content":{"rendered":"<p><strong><a href=\"https:\/\/chronik.blackblogs.org\/wp-content\/uploads\/sites\/109\/2019\/08\/41801.png\"><img loading=\"lazy\" decoding=\"async\" class=\"alignright size-medium wp-image-10554\" src=\"https:\/\/chronik.blackblogs.org\/wp-content\/uploads\/sites\/109\/2019\/08\/41801-300x158.png\" alt=\"\" width=\"300\" height=\"158\"><\/a>Mannheim<\/strong>, August 2019<\/p>\n<blockquote><p>Zum erneuten Mal stellt die Kulturhalle Feudenheim der AfD ihre R\u00e4umlicheiten zur Verf\u00fcgung, dieses Mal f\u00fcr einen Besuch von Alice Weidel. Und zum erneuten Mal gibt es daf\u00fcr einen Denkzettel. Engagierte Antifaschist*innen haben das zum Anlass genommen die Fassade des Eingangs mit einer Botschaft zu versehen und die Schl\u00f6sser zu verkleben.<\/p>\n<p>Die Feudenheimer Kulturhalle argumentiert damit, dass sie ja jeder Partei ihre R\u00e4umlichkeiten zur Verf\u00fcgung stellen m\u00fcsse.<!--more--><\/p>\n<p>Wir sagen: die AfD ist weder eine ganz normal Partei, noch ist sie demokratisch. Rassismus, Volksverhetzung, Leugnen des Klimawandels und Sozialabbau durch neoliberale Politik sind an der Tagesordnung. Aber man sollte dabei nicht vergessen, dass die rechten Positionen, die die AfD jetzt vertritt noch vor ein paar Jahren von der CDU bearbeitet wurden. DIe AfD und ihre Helfer haben allerdings die Grenze des Sagbaren und somit auch den Diskurs in der Gesellschaft verschoben.<\/p>\n<p>Kein Wunder: die gesellschaftlichen Zust\u00e4nde spitzen sich immer weiter zu. Rechte Netzwerke in Polizei und Bundeswehr, Nazi-Kampfsportevents und rechtsterroristische Anschl\u00e4ge treffen dabei auf eine gespaltene Gesellschaft. Unmut \u00fcber die herrschende Politik bricht sich berechtigterweise bahn, kanalisiert wird dieser aber von der AfD. Gefl\u00fcchtete sind mal wieder die S\u00fcndenb\u00f6cke. Die &#8220;L\u00f6sungsvorschl\u00e4ge&#8221; der AfD sind aber blo\u00df mehr Sozialabbau, Abschottung, \u00dcberwachung und ein Todesurteil f\u00fcrs Klima. Aber nicht nur durch die Gesellschaft geht der Rechtsruck: faschistische Tendenzen innerhalb der Partei werden ebenfalls st\u00e4rker.<\/p>\n<p>Deswegen muss es die Aufgabe der antifaschistischen Bewegung in Deutschland sein, die AfD und alle anderen rechten Akteure mit Entschiedenheit zu bek\u00e4mpfen und ihre Klassenfeindlichkeit zu entlarven, um den Rechtsruck zur\u00fcckzuschlagen.<\/p>\n<p>Kampf der AfD, Kampf dem Rechtsruck!<\/p>\n<p>Mit allen Mitteln, auf allen Ebenen.<\/p><\/blockquote>\n<p><strong>Quelle<\/strong>: <a href=\"http:\/\/4sy6ebszykvcv2n6.onion\/node\/36716\">Indymedia<\/a> (Tor)<\/p>\n","protected":false},"excerpt":{"rendered":"<p>Mannheim, August 2019 Zum erneuten Mal stellt die Kulturhalle Feudenheim der AfD ihre R\u00e4umlicheiten zur Verf\u00fcgung, dieses Mal f\u00fcr einen Besuch von Alice Weidel. Und zum erneuten Mal gibt es daf\u00fcr einen Denkzettel. Engagierte Antifaschist*innen haben das zum Anlass genommen die Fassade des Eingangs mit einer Botschaft zu versehen und die Schl\u00f6sser zu verkleben. Die [&hellip;]<\/p>\n","protected":false},"author":12080,"featured_media":0,"comment_status":"closed","ping_status":"closed","sticky":false,"template":"","format":"standard","meta":{"footnotes":""},"categories":[2],"tags":[133],"class_list":["post-10552","post","type-post","status-publish","format-standard","hentry","category-de","tag-mannheim"],"_links":{"self":[{"href":"https:\/\/chronik.noblogs.org\/index.php?rest_route=\/wp\/v2\/posts\/10552","targetHints":{"allow":["GET"]}}],"collection":[{"href":"https:\/\/chronik.noblogs.org\/index.php?rest_route=\/wp\/v2\/posts"}],"about":[{"href":"https:\/\/chronik.noblogs.org\/index.php?rest_route=\/wp\/v2\/types\/post"}],"author":[{"embeddable":true,"href":"https:\/\/chronik.noblogs.org\/index.php?rest_route=\/wp\/v2\/users\/12080"}],"replies":[{"embeddable":true,"href":"https:\/\/chronik.noblogs.org\/index.php?rest_route=%2Fwp%2Fv2%2Fcomments&post=10552"}],"version-history":[{"count":0,"href":"https:\/\/chronik.noblogs.org\/index.php?rest_route=\/wp\/v2\/posts\/10552\/revisions"}],"wp:attachment":[{"href":"https:\/\/chronik.noblogs.org\/index.php?rest_route=%2Fwp%2Fv2%2Fmedia&parent=10552"}],"wp:term":[{"taxonomy":"category","embeddable":true,"href":"https:\/\/chronik.noblogs.org\/index.php?rest_route=%2Fwp%2Fv2%2Fcategories&post=10552"},{"taxonomy":"post_tag","embeddable":true,"href":"https:\/\/chronik.noblogs.org\/index.php?rest_route=%2Fwp%2Fv2%2Ftags&post=10552"}],"curies":[{"name":"wp","href":"https:\/\/api.w.org\/{rel}","templated":true}]}}