{"id":10240,"date":"2019-05-24T00:00:37","date_gmt":"2019-05-23T22:00:37","guid":{"rendered":"http:\/\/chronik.blackblogs.org\/?p=10240"},"modified":"2019-05-24T00:00:37","modified_gmt":"2019-05-23T22:00:37","slug":"brennende-barrikaden-und-steinwuerfe","status":"publish","type":"post","link":"https:\/\/chronik.noblogs.org\/?p=10240","title":{"rendered":"Brennende Barrikaden und Steinw\u00fcrfe"},"content":{"rendered":"<p><strong><a href=\"https:\/\/chronik.blackblogs.org\/wp-content\/uploads\/sites\/109\/2019\/06\/39685.jpg\"><img loading=\"lazy\" decoding=\"async\" class=\"alignright size-medium wp-image-10241\" src=\"https:\/\/chronik.blackblogs.org\/wp-content\/uploads\/sites\/109\/2019\/06\/39685-300x200.jpg\" alt=\"\" width=\"300\" height=\"200\"><\/a>Berlin<\/strong>, 24. Mai 2019<\/p>\n<blockquote><p>Am Freitagabend kam es mal wieder zu Auseinandersetzungen im Friedrichshainer Nordkiez. Am Dorfplatz fand zun\u00e4chst eine unangemeldete Kundgebung bez\u00fcglich der Repression gegen Isa statt, sp\u00e4ter gab es ein Feuer. Bullen wurden wiederholt eingedeckt.<\/p>\n<p>Um 19 Uhr war zu einer Kundgebung in Solidarit\u00e4t mit Isa aufgerufen worden. Die Bullen waren schon bevor es losging da und schikanierten einige Gr\u00fcppchen, die sich mit Tischen und St\u00fchlen niedergelassen hatten. Die Aufforderung, diese wegzur\u00e4umen konnte als klare Drohung mit Gewalt aufgefasst werden und ihr wurde deshalb folge geleistet. Nur eine Woche zuvor hatte eine Mannschaft unter Aufsicht von Herrn Pohl von der Wedekindwache die Vok\u00fc brutal vom Dorfplatz abger\u00e4umt und dabei zwei Leute festgenommen und diese bis zum n\u00e4chsten Morgen festgehalten. Die beiden wurden bei der Festnahme verletzt und auf der Wache weiter mi\u00dfhandelt.<!--more--><\/p>\n<p>Die Anwesenheit von Herrn Pohl sowie Herrn Pluschke sowie mindestens eine Hundertschaft in der gesamten Umgebung liessen darauf schlie\u00dfen, dass der Gewaltexzess diesen Freitag wiederholt werden sollte, um den Dorfplatz von Menschen zu s\u00e4ubern.<\/p>\n<p>Die Kundgebung konnte aber erstemal aus der Liebig34 heraus ohne Zwischenf\u00e4lle abgehalten werden, zeitgleich fand drau\u00dfen die regelm\u00e4\u00dfige K\u00fcche f\u00fcr Alle statt und anschlie\u00dfend sollten Cocktails ausgeschenkt werden, um Geld f\u00fcr die ganzen Gerichtsverfahren zu sammeln. Zun\u00e4chst waren nicht besonders viele Leute da, um sich die zwei Reden zum aktuellen Stand der Auseinandersetzung um das Gerichtsverfahren gegen Isa sowie zur Eskalation am letzten Freitag anzuh\u00f6ren. Es trudelten jedoch nach und nach mehr Leute ein und auch die Nachbar_innen in den H\u00e4usern konnten den Reden folgen. Die Riotbullen hatten sich gemeinsam mit einer Bande von Staatssch\u00fctzern in zivil an einer Ecke postiert und provozierten mit ihrer Anwesenheit. Als die Reden vorbei waren, wurde laute Musik f\u00fcr den Dorfplatz gespielt und es sammelten sich mehr und mehr Leute. Es kam dann zu einem ersten Angriff vom Dach der Liebig14 auf die Bullen an der Ecke mit Farbbomben. Dabei wurde ein Fahrzeug von ihnen ordentlich mit schwarzer Farbe besudelt und musste erstmal weggefahren werden. Auch die Zivis und Bereitschafter zogen sich in der Folge zur\u00fcck, blieben aber in Sichtweite.<\/p>\n<p>Der entstandene Freiraum wurde erstmal dadurch genutzt, dass ein netter, geselliger Abend auf unserem Ort der Almende, wie es in der Rede formuliert wurde, abgehalten wurde. An anderen Ecken im Kiez z\u00fcndeten Leute einige M\u00fclltonnen an und sp\u00e4ter wurde auch am Dorfplatz ein Feuer gemacht, welches die Geselligkeit noch verst\u00e4rkte. Sicherlich h\u00e4tte man &#8220;is gut, lass ma&#8221; sagen k\u00f6nnen, denn alle wissen, dass die Bullen immer irgendwann den Platz zur\u00fcckerobern wollen, um die Ordnung wieder herzustellen. Aber nein, es ist unser Platz und wenn wir Lagerfeuer wollen, dann machen wir Lagerfeuer. Nach einigen Stunden kamen sie dann, im Schlepptau schon die eilig mobilisierte Journaille. Es ergoss sich ein Regen aus Farbe und Gegenst\u00e4nden auf die Armee der Besatzer, die nichts desto trotz eigenh\u00e4ndige L\u00f6schversuche am Lagerfeuer unternahmen. Ob die Feuerwehr ihre Berufsehre wiederentdeckt hat und deshalb nicht l\u00f6schte oder ob die Bullen es f\u00fcr zu gef\u00e4hrlich hielten, wissen wir nicht.<\/p>\n<p>Soweit das von hier zu beurteilen ist, wurde bei der ganzen Sache niemand verletzt oder festgenommen. Presse und Bullen stilisieren den Abend zu schweren Ausschreitungen hoch, wahrscheinlich um ihre Schw\u00e4che zu kaschieren. Auf Seite der Rebell_innen wurde klar gemacht, dass Angriffe wie am letzten Freitag nicht dazu f\u00fchren, dass man sich verkr\u00fcmelt. Zumindest interpretiert der Autor dieses Textes das so. Im Hinblick auf den Fall Isa, um den es haupts\u00e4chlich bei der Kundgebung ging, kann man das genauso sehen. Die Repression gegen Einzelne hat zu kollektiver Gegenwehr gef\u00fchrt. Wenn diese Interpretation so stimmt, dann ist das ein sehr wichtiger Prozess.<\/p><\/blockquote>\n<p><strong>Quelle<\/strong>: Indymedia<\/p>\n","protected":false},"excerpt":{"rendered":"<p>Berlin, 24. Mai 2019 Am Freitagabend kam es mal wieder zu Auseinandersetzungen im Friedrichshainer Nordkiez. Am Dorfplatz fand zun\u00e4chst eine unangemeldete Kundgebung bez\u00fcglich der Repression gegen Isa statt, sp\u00e4ter gab es ein Feuer. Bullen wurden wiederholt eingedeckt. Um 19 Uhr war zu einer Kundgebung in Solidarit\u00e4t mit Isa aufgerufen worden. Die Bullen waren schon bevor [&hellip;]<\/p>\n","protected":false},"author":12080,"featured_media":0,"comment_status":"closed","ping_status":"closed","sticky":false,"template":"","format":"standard","meta":{"footnotes":""},"categories":[2],"tags":[24],"class_list":["post-10240","post","type-post","status-publish","format-standard","hentry","category-de","tag-berlin"],"_links":{"self":[{"href":"https:\/\/chronik.noblogs.org\/index.php?rest_route=\/wp\/v2\/posts\/10240","targetHints":{"allow":["GET"]}}],"collection":[{"href":"https:\/\/chronik.noblogs.org\/index.php?rest_route=\/wp\/v2\/posts"}],"about":[{"href":"https:\/\/chronik.noblogs.org\/index.php?rest_route=\/wp\/v2\/types\/post"}],"author":[{"embeddable":true,"href":"https:\/\/chronik.noblogs.org\/index.php?rest_route=\/wp\/v2\/users\/12080"}],"replies":[{"embeddable":true,"href":"https:\/\/chronik.noblogs.org\/index.php?rest_route=%2Fwp%2Fv2%2Fcomments&post=10240"}],"version-history":[{"count":0,"href":"https:\/\/chronik.noblogs.org\/index.php?rest_route=\/wp\/v2\/posts\/10240\/revisions"}],"wp:attachment":[{"href":"https:\/\/chronik.noblogs.org\/index.php?rest_route=%2Fwp%2Fv2%2Fmedia&parent=10240"}],"wp:term":[{"taxonomy":"category","embeddable":true,"href":"https:\/\/chronik.noblogs.org\/index.php?rest_route=%2Fwp%2Fv2%2Fcategories&post=10240"},{"taxonomy":"post_tag","embeddable":true,"href":"https:\/\/chronik.noblogs.org\/index.php?rest_route=%2Fwp%2Fv2%2Ftags&post=10240"}],"curies":[{"name":"wp","href":"https:\/\/api.w.org\/{rel}","templated":true}]}}