{"id":10159,"date":"2019-05-06T00:00:43","date_gmt":"2019-05-05T22:00:43","guid":{"rendered":"http:\/\/chronik.blackblogs.org\/?p=10159"},"modified":"2019-05-06T00:00:43","modified_gmt":"2019-05-05T22:00:43","slug":"vier-staedtische-transporter-abgefackelt","status":"publish","type":"post","link":"https:\/\/chronik.noblogs.org\/?p=10159","title":{"rendered":"Vier st\u00e4dtische Transporter abgefackelt"},"content":{"rendered":"<p><strong><a href=\"https:\/\/chronik.blackblogs.org\/wp-content\/uploads\/sites\/109\/2019\/05\/do.jpg\"><img loading=\"lazy\" decoding=\"async\" class=\"alignright size-medium wp-image-10161\" src=\"https:\/\/chronik.blackblogs.org\/wp-content\/uploads\/sites\/109\/2019\/05\/do-300x150.jpg\" alt=\"\" width=\"300\" height=\"150\"><\/a>Dortmund<\/strong>, 29. April + 6. Mai 2019<\/p>\n<blockquote><p>Zwei Mal in einer Woche brannten Fahrzeuge auf dem Gel\u00e4nde der Stadtteilwerkstatt an der Burgholzstra\u00dfe, die Langzeitarbeitslose betreut. Der Schaden ist immens.<\/p>\n<p>Garten- und Landschaftspflege geh\u00f6rt zu den Aufgaben der Stadtteilwerkstatt Nord an der Burgholzstra\u00dfe. Es ist eine Sparte des Besch\u00e4ftigungsprogramms, mit der das st\u00e4dtische Sozialamt Langzeitarbeitslose mit Qualifizierungsangeboten und Arbeitsgelegenheiten fit f\u00fcr den ersten Arbeitsmarkt machen will.<br \/>\n<!--more--><br \/>\nDie 150 Besch\u00e4ftigten r\u00fccken allmorgendlich mit Transportern von der Burgholzstra\u00dfe aus, um zu ihren Einsatzorten zu kommen. Doch die Fahrzeugflotte ist deutlich ausged\u00fcnnt. Gleich vier von 27 Transportern wurden in den letzten acht Tagen Opfer von Brandanschl\u00e4gen, die nicht nur der Polizei, sondern auch der Stadt R\u00e4tsel aufgeben.<\/p>\n<p>Transporter stand in hellen Flammen<\/p>\n<p>R\u00fcckblende: In der Nacht zum 29. April &#8211; von Sonntag auf Montag &#8211; bemerkt eine Zeugin hellen Feuerschein auf dem Gel\u00e4nde der Stadtteilwerkstatt und alarmiert die Feuerwehr. Als die gegen 0.30 Uhr eintrifft, steht ein auf dem Hof geparkter Mercedes-Sprinter in hellen Flammen. Das Feuer hatte bereits auf einen weiteren, daneben stehenden Sprinter \u00fcbergegriffen.<\/p>\n<p>Fast dasselbe Bild bietet sich genau eine Woche sp\u00e4ter, ebenfalls in der Nacht zu Montag (6. Mai). Diesmal werden Polizei und Feuerwehr um kurz nach 22 Uhr alarmiert. Erneut brennt ein Sprinter, erneut hat das Feuer auf einen zweiten Transporter \u00fcbergegriffen.<\/p>\n<p>\u201eAls die Kollegen eintrafen, standen die beiden kleinen Lkw bereits voll in Flammen\u201c, sagt Feuerwehrsprecher Oliver K\u00f6rner am Montagmorgen. In einem zweist\u00fcndigen Einsatz gelingt es der Feuerwehr, ein \u00dcbergreifen der Flammen auf weitere Fahrzeuge und angrenzende Geb\u00e4ude der Stadtteilwerkstadt zu verhindern.<\/p>\n<p>Der Verdacht auf Brandstiftung, den die Kriminalpolizei schon in der Woche zuvor gehegt hatte, hat sich mit dem erneuten Brand nun best\u00e4tigt. Man ermittele wegen Brandstiftung, best\u00e4tigt ein Polizeisprecher am Montag. Ein Brandexperte der Kriminalpolizei hat den Tatort unter die Lupe genommen.<\/p>\n<p>Der Sachschaden summiert sich f\u00fcr die Stadt mittlerweile auf mehr als 100.000 Euro. Die Verwaltung hat Anzeige gegen Unbekannt erstattet. Einfluss auf die Arbeit der Stadtteilwerkstatt sollen die Br\u00e4nde nicht haben. Der Ausfall der Fahrzeuge lasse sich \u00fcberbr\u00fccken, erkl\u00e4rte Stadtsprecherin Anke Widow auf Anfrage.<\/p><\/blockquote>\n<p><strong>Quelle<\/strong>: <a href=\"https:\/\/www.ruhrnachrichten.de\/dortmund\/brandanschlaege-auf-stadt-fahrzeuge-geben-raetsel-auf-plus-1403466.html\">Ruhrnachrichten<\/a><\/p>\n","protected":false},"excerpt":{"rendered":"<p>Dortmund, 29. April + 6. Mai 2019 Zwei Mal in einer Woche brannten Fahrzeuge auf dem Gel\u00e4nde der Stadtteilwerkstatt an der Burgholzstra\u00dfe, die Langzeitarbeitslose betreut. Der Schaden ist immens. Garten- und Landschaftspflege geh\u00f6rt zu den Aufgaben der Stadtteilwerkstatt Nord an der Burgholzstra\u00dfe. Es ist eine Sparte des Besch\u00e4ftigungsprogramms, mit der das st\u00e4dtische Sozialamt Langzeitarbeitslose mit [&hellip;]<\/p>\n","protected":false},"author":12080,"featured_media":0,"comment_status":"closed","ping_status":"closed","sticky":false,"template":"","format":"standard","meta":{"footnotes":""},"categories":[2],"tags":[51],"class_list":["post-10159","post","type-post","status-publish","format-standard","hentry","category-de","tag-dortmund"],"_links":{"self":[{"href":"https:\/\/chronik.noblogs.org\/index.php?rest_route=\/wp\/v2\/posts\/10159","targetHints":{"allow":["GET"]}}],"collection":[{"href":"https:\/\/chronik.noblogs.org\/index.php?rest_route=\/wp\/v2\/posts"}],"about":[{"href":"https:\/\/chronik.noblogs.org\/index.php?rest_route=\/wp\/v2\/types\/post"}],"author":[{"embeddable":true,"href":"https:\/\/chronik.noblogs.org\/index.php?rest_route=\/wp\/v2\/users\/12080"}],"replies":[{"embeddable":true,"href":"https:\/\/chronik.noblogs.org\/index.php?rest_route=%2Fwp%2Fv2%2Fcomments&post=10159"}],"version-history":[{"count":0,"href":"https:\/\/chronik.noblogs.org\/index.php?rest_route=\/wp\/v2\/posts\/10159\/revisions"}],"wp:attachment":[{"href":"https:\/\/chronik.noblogs.org\/index.php?rest_route=%2Fwp%2Fv2%2Fmedia&parent=10159"}],"wp:term":[{"taxonomy":"category","embeddable":true,"href":"https:\/\/chronik.noblogs.org\/index.php?rest_route=%2Fwp%2Fv2%2Fcategories&post=10159"},{"taxonomy":"post_tag","embeddable":true,"href":"https:\/\/chronik.noblogs.org\/index.php?rest_route=%2Fwp%2Fv2%2Ftags&post=10159"}],"curies":[{"name":"wp","href":"https:\/\/api.w.org\/{rel}","templated":true}]}}